{"id":8483,"date":"2018-09-09T00:00:30","date_gmt":"2018-09-08T22:00:30","guid":{"rendered":"https:\/\/www.lesgarszellesfontenoises.fr\/?p=8483"},"modified":"2018-09-09T00:06:59","modified_gmt":"2018-09-08T22:06:59","slug":"trail-de-la-mothe-saint-heray-et-les-foulees-des-reves-2018","status":"publish","type":"post","link":"https:\/\/www.lesgarszellesfontenoises.fr\/index.php\/2018\/09\/09\/trail-de-la-mothe-saint-heray-et-les-foulees-des-reves-2018\/","title":{"rendered":"Trail de la Mothe Saint Heray et Les Foul\u00e9es des R\u00eaves 2018"},"content":{"rendered":"\n<p>Les dimanche 2 et 9 Septembre, les Gars\u2019Z\u2019Elles Fontenoises sont sorties hors du d\u00e9partement afin de s\u2019aligner sur deux courses.<\/p>\n\n\n\n<div class=\"wp-block-image\"><figure class=\"alignleft size-large is-resized\"><img loading=\"lazy\" decoding=\"async\" src=\"https:\/\/www.lesgarszellesfontenoises.fr\/wp-content\/uploads\/2018\/09\/2018.09.09_foulees_des_reves-1.jpg\" alt=\"\" class=\"wp-image-8486\" width=\"133\" height=\"177\" srcset=\"https:\/\/www.lesgarszellesfontenoises.fr\/wp-content\/uploads\/2018\/09\/2018.09.09_foulees_des_reves-1.jpg 384w, https:\/\/www.lesgarszellesfontenoises.fr\/wp-content\/uploads\/2018\/09\/2018.09.09_foulees_des_reves-1-225x300.jpg 225w, https:\/\/www.lesgarszellesfontenoises.fr\/wp-content\/uploads\/2018\/09\/2018.09.09_foulees_des_reves-1-203x270.jpg 203w\" sizes=\"auto, (max-width: 133px) 100vw, 133px\" \/><\/figure><\/div>\n\n\n\n<p>Dans l\u2019ordre chronologique, Sylvie s\u2019est tout d\u2019abord d\u00e9plac\u00e9e dans les Deux-S\u00e8vres afin de participer au Trail de la Mothe Saint Heray. Au final, un nouveau podium aux couleurs des Gars\u2019Z\u2019Elles. F\u00e9licitations.<\/p>\n\n\n\n<p><\/p>\n\n\n\n<div class=\"wp-block-image\"><figure class=\"alignleft size-large is-resized\"><img loading=\"lazy\" decoding=\"async\" src=\"https:\/\/www.lesgarszellesfontenoises.fr\/wp-content\/uploads\/2018\/09\/2018.09.09_foulees_des_reves-9.jpg\" alt=\"\" class=\"wp-image-8494\" width=\"180\" height=\"270\" srcset=\"https:\/\/www.lesgarszellesfontenoises.fr\/wp-content\/uploads\/2018\/09\/2018.09.09_foulees_des_reves-9.jpg 560w, https:\/\/www.lesgarszellesfontenoises.fr\/wp-content\/uploads\/2018\/09\/2018.09.09_foulees_des_reves-9-200x300.jpg 200w, https:\/\/www.lesgarszellesfontenoises.fr\/wp-content\/uploads\/2018\/09\/2018.09.09_foulees_des_reves-9-180x270.jpg 180w\" sizes=\"auto, (max-width: 180px) 100vw, 180px\" \/><\/figure><\/div>\n\n\n\n<p>Ce dimanche, trois Gars\u2019Z\u2019Elles se sont expatri\u00e9es en Anjou afin de participer \u00e0 la 2\u00e8me \u00e9dition des \u00a0\u00bb Foul\u00e9es des R\u00eaves \u00a0\u00bb sur la commune de Saint Georges sur Loire (49).<\/p>\n\n\n\n<p>Au programme, 9km pour St\u00e9phanie et Christophe et 19 km pour Pierre.<\/p>\n\n\n\n<p>F\u00e9licitations \u00e0 eux trois.<\/p>\n\n\n\n<p><\/p>\n\n\n\n<p class=\"has-text-align-center\">______________________________________________________________<\/p>\n\n\n<div id=\"Block_wpape_gallery_69f2ccfdba2f3\" style=\"width:100%;padding-left:5px;padding-top:5px;padding-right:5px;padding-bottom:5px; display: none;\"><div class=\"wpape_gallery_button wpape_gallery_align_left\"  id=\"wpape_gallery_69f2ccfdba2f3filter\"><a class=\" apebtn apebtn-flat apebtn-primary  active\" style=\"margin-right:5px;margin-bottom:10px;\" href=\"#\" data-filter=\"*\">Home<\/a><a href=\"#\" data-filter=\".category8485\" class=\" apebtn apebtn-flat apebtn-primary \" style=\"margin-right:5px;margin-bottom:10px;\">2018.09.09 Les foul\u00e9es des r\u00eaves 2018<\/a><\/div><div id=\"wpape_gallery_69f2ccfdba2f3\" data-options=\"wpape_gallery_69f2ccfdba2f3\" style=\"width:100%;\" class=\"wpape_gallery\"><div class=\"wpape-img category8485\" ><div class=\"wpape-img-image  wpape-lightbox\"  ><div data-thumbnail=\"https:\/\/www.lesgarszellesfontenoises.fr\/wp-content\/uploads\/2018\/09\/2018.09.09_foulees_des_reves-1-225x300.jpg\" title=\"2018.09.09_foulees_des_reves-1\" data-width=\"225\" data-height=\"300\" ><\/div><div data-popup=\"https:\/\/www.lesgarszellesfontenoises.fr\/wp-content\/uploads\/2018\/09\/2018.09.09_foulees_des_reves-1.jpg\"  title=\"2018.09.09_foulees_des_reves-1\"><\/div><div class=\"thumbnail-overlay\"><div class=\"wpapeTitle \">2018.09.09_foulees_des_reves-1<\/div><div class=\"wpapeIcons\"><i class=\"fa fa-search wpapeZoomIcon \" ><\/i><\/div><\/div><\/div><\/div><div class=\"wpape-img category8485\" ><div class=\"wpape-img-image  wpape-lightbox\"  ><div data-thumbnail=\"https:\/\/www.lesgarszellesfontenoises.fr\/wp-content\/uploads\/2018\/09\/2018.09.09_foulees_des_reves-2-225x300.jpg\" title=\"2018.09.09_foulees_des_reves-2\" data-width=\"225\" data-height=\"300\" ><\/div><div data-popup=\"https:\/\/www.lesgarszellesfontenoises.fr\/wp-content\/uploads\/2018\/09\/2018.09.09_foulees_des_reves-2.jpg\"  title=\"2018.09.09_foulees_des_reves-2\"><\/div><div class=\"thumbnail-overlay\"><div class=\"wpapeTitle \">2018.09.09_foulees_des_reves-2<\/div><div class=\"wpapeIcons\"><i class=\"fa fa-search wpapeZoomIcon \" ><\/i><\/div><\/div><\/div><\/div><div class=\"wpape-img category8485\" ><div class=\"wpape-img-image  wpape-lightbox\"  ><div data-thumbnail=\"https:\/\/www.lesgarszellesfontenoises.fr\/wp-content\/uploads\/2018\/09\/2018.09.09_foulees_des_reves-3-225x300.jpg\" title=\"2018.09.09_foulees_des_reves-3\" data-width=\"225\" data-height=\"300\" ><\/div><div data-popup=\"https:\/\/www.lesgarszellesfontenoises.fr\/wp-content\/uploads\/2018\/09\/2018.09.09_foulees_des_reves-3.jpg\"  title=\"2018.09.09_foulees_des_reves-3\"><\/div><div class=\"thumbnail-overlay\"><div class=\"wpapeTitle \">2018.09.09_foulees_des_reves-3<\/div><div class=\"wpapeIcons\"><i class=\"fa fa-search wpapeZoomIcon \" ><\/i><\/div><\/div><\/div><\/div><div class=\"wpape-img category8485\" ><div class=\"wpape-img-image  wpape-lightbox\"  ><div data-thumbnail=\"https:\/\/www.lesgarszellesfontenoises.fr\/wp-content\/uploads\/2018\/09\/2018.09.09_foulees_des_reves-4-225x300.jpg\" title=\"2018.09.09_foulees_des_reves-4\" data-width=\"225\" data-height=\"300\" ><\/div><div data-popup=\"https:\/\/www.lesgarszellesfontenoises.fr\/wp-content\/uploads\/2018\/09\/2018.09.09_foulees_des_reves-4.jpg\"  title=\"2018.09.09_foulees_des_reves-4\"><\/div><div class=\"thumbnail-overlay\"><div class=\"wpapeTitle \">2018.09.09_foulees_des_reves-4<\/div><div class=\"wpapeIcons\"><i class=\"fa fa-search wpapeZoomIcon \" ><\/i><\/div><\/div><\/div><\/div><div class=\"wpape-img category8485\" ><div class=\"wpape-img-image  wpape-lightbox\"  ><div data-thumbnail=\"https:\/\/www.lesgarszellesfontenoises.fr\/wp-content\/uploads\/2018\/09\/2018.09.09_foulees_des_reves-5-225x300.jpg\" title=\"2018.09.09_foulees_des_reves-5\" data-width=\"225\" data-height=\"300\" ><\/div><div data-popup=\"https:\/\/www.lesgarszellesfontenoises.fr\/wp-content\/uploads\/2018\/09\/2018.09.09_foulees_des_reves-5.jpg\"  title=\"2018.09.09_foulees_des_reves-5\"><\/div><div class=\"thumbnail-overlay\"><div class=\"wpapeTitle \">2018.09.09_foulees_des_reves-5<\/div><div class=\"wpapeIcons\"><i class=\"fa fa-search wpapeZoomIcon \" ><\/i><\/div><\/div><\/div><\/div><div class=\"wpape-img category8485\" ><div class=\"wpape-img-image  wpape-lightbox\"  ><div data-thumbnail=\"https:\/\/www.lesgarszellesfontenoises.fr\/wp-content\/uploads\/2018\/09\/2018.09.09_foulees_des_reves-6-225x300.jpg\" title=\"2018.09.09_foulees_des_reves-6\" data-width=\"225\" data-height=\"300\" ><\/div><div data-popup=\"https:\/\/www.lesgarszellesfontenoises.fr\/wp-content\/uploads\/2018\/09\/2018.09.09_foulees_des_reves-6.jpg\"  title=\"2018.09.09_foulees_des_reves-6\"><\/div><div class=\"thumbnail-overlay\"><div class=\"wpapeTitle \">2018.09.09_foulees_des_reves-6<\/div><div class=\"wpapeIcons\"><i class=\"fa fa-search wpapeZoomIcon \" ><\/i><\/div><\/div><\/div><\/div><div class=\"wpape-img category8485\" ><div class=\"wpape-img-image  wpape-lightbox\"  ><div data-thumbnail=\"https:\/\/www.lesgarszellesfontenoises.fr\/wp-content\/uploads\/2018\/09\/2018.09.09_foulees_des_reves-7-225x300.jpg\" title=\"2018.09.09_foulees_des_reves-7\" data-width=\"225\" data-height=\"300\" ><\/div><div data-popup=\"https:\/\/www.lesgarszellesfontenoises.fr\/wp-content\/uploads\/2018\/09\/2018.09.09_foulees_des_reves-7.jpg\"  title=\"2018.09.09_foulees_des_reves-7\"><\/div><div class=\"thumbnail-overlay\"><div class=\"wpapeTitle \">2018.09.09_foulees_des_reves-7<\/div><div class=\"wpapeIcons\"><i class=\"fa fa-search wpapeZoomIcon \" ><\/i><\/div><\/div><\/div><\/div><div class=\"wpape-img category8485\" ><div class=\"wpape-img-image  wpape-lightbox\"  ><div data-thumbnail=\"https:\/\/www.lesgarszellesfontenoises.fr\/wp-content\/uploads\/2018\/09\/2018.09.09_foulees_des_reves-8-225x300.jpg\" title=\"2018.09.09_foulees_des_reves-8\" data-width=\"225\" data-height=\"300\" ><\/div><div data-popup=\"https:\/\/www.lesgarszellesfontenoises.fr\/wp-content\/uploads\/2018\/09\/2018.09.09_foulees_des_reves-8.jpg\"  title=\"2018.09.09_foulees_des_reves-8\"><\/div><div class=\"thumbnail-overlay\"><div class=\"wpapeTitle \">2018.09.09_foulees_des_reves-8<\/div><div class=\"wpapeIcons\"><i class=\"fa fa-search wpapeZoomIcon \" ><\/i><\/div><\/div><\/div><\/div><div class=\"wpape-img category8485\" ><div class=\"wpape-img-image  wpape-lightbox\"  ><div data-thumbnail=\"https:\/\/www.lesgarszellesfontenoises.fr\/wp-content\/uploads\/2018\/09\/2018.09.09_foulees_des_reves-9-200x300.jpg\" title=\"2018.09.09_foulees_des_reves-9\" data-width=\"200\" data-height=\"300\" ><\/div><div data-popup=\"https:\/\/www.lesgarszellesfontenoises.fr\/wp-content\/uploads\/2018\/09\/2018.09.09_foulees_des_reves-9.jpg\"  title=\"2018.09.09_foulees_des_reves-9\"><\/div><div class=\"thumbnail-overlay\"><div class=\"wpapeTitle \">2018.09.09_foulees_des_reves-9<\/div><div class=\"wpapeIcons\"><i class=\"fa fa-search wpapeZoomIcon \" ><\/i><\/div><\/div><\/div><\/div><div class=\"wpape-img category8485\" ><div class=\"wpape-img-image  wpape-lightbox\"  ><div data-thumbnail=\"https:\/\/www.lesgarszellesfontenoises.fr\/wp-content\/uploads\/2018\/09\/2018.09.09_foulees_des_reves-10-300x199.jpg\" title=\"2018.09.09_foulees_des_reves-10\" data-width=\"300\" data-height=\"199\" ><\/div><div data-popup=\"https:\/\/www.lesgarszellesfontenoises.fr\/wp-content\/uploads\/2018\/09\/2018.09.09_foulees_des_reves-10.jpg\"  title=\"2018.09.09_foulees_des_reves-10\"><\/div><div class=\"thumbnail-overlay\"><div class=\"wpapeTitle \">2018.09.09_foulees_des_reves-10<\/div><div class=\"wpapeIcons\"><i class=\"fa fa-search wpapeZoomIcon \" ><\/i><\/div><\/div><\/div><\/div><div class=\"wpape-img category8485\" ><div class=\"wpape-img-image  wpape-lightbox\"  ><div data-thumbnail=\"https:\/\/www.lesgarszellesfontenoises.fr\/wp-content\/uploads\/2018\/09\/2018.09.09_foulees_des_reves-11-300x199.jpg\" title=\"2018.09.09_foulees_des_reves-11\" data-width=\"300\" data-height=\"199\" ><\/div><div data-popup=\"https:\/\/www.lesgarszellesfontenoises.fr\/wp-content\/uploads\/2018\/09\/2018.09.09_foulees_des_reves-11.jpg\"  title=\"2018.09.09_foulees_des_reves-11\"><\/div><div class=\"thumbnail-overlay\"><div class=\"wpapeTitle \">2018.09.09_foulees_des_reves-11<\/div><div class=\"wpapeIcons\"><i class=\"fa fa-search wpapeZoomIcon \" ><\/i><\/div><\/div><\/div><\/div><div class=\"wpape-img category8485\" ><div class=\"wpape-img-image  wpape-lightbox\"  ><div data-thumbnail=\"https:\/\/www.lesgarszellesfontenoises.fr\/wp-content\/uploads\/2018\/09\/2018.09.09_foulees_des_reves-12-300x199.jpg\" title=\"2018.09.09_foulees_des_reves-12\" data-width=\"300\" data-height=\"199\" ><\/div><div data-popup=\"https:\/\/www.lesgarszellesfontenoises.fr\/wp-content\/uploads\/2018\/09\/2018.09.09_foulees_des_reves-12.jpg\"  title=\"2018.09.09_foulees_des_reves-12\"><\/div><div class=\"thumbnail-overlay\"><div class=\"wpapeTitle \">2018.09.09_foulees_des_reves-12<\/div><div class=\"wpapeIcons\"><i class=\"fa fa-search wpapeZoomIcon \" ><\/i><\/div><\/div><\/div><\/div><div class=\"wpape-img category8485\" ><div class=\"wpape-img-image  wpape-lightbox\"  ><div data-thumbnail=\"https:\/\/www.lesgarszellesfontenoises.fr\/wp-content\/uploads\/2018\/09\/2018.09.09_foulees_des_reves-13-300x199.jpg\" title=\"2018.09.09_foulees_des_reves-13\" data-width=\"300\" data-height=\"199\" ><\/div><div data-popup=\"https:\/\/www.lesgarszellesfontenoises.fr\/wp-content\/uploads\/2018\/09\/2018.09.09_foulees_des_reves-13.jpg\"  title=\"2018.09.09_foulees_des_reves-13\"><\/div><div class=\"thumbnail-overlay\"><div class=\"wpapeTitle \">2018.09.09_foulees_des_reves-13<\/div><div class=\"wpapeIcons\"><i class=\"fa fa-search wpapeZoomIcon \" ><\/i><\/div><\/div><\/div><\/div><\/div><\/div><script>var wpape_gallery_69f2ccfdba2f3 = {\"filterContainer\": \"#wpape_gallery_69f2ccfdba2f3filter\", \"touch\": 1, \"columns\": 3, \"columnWidth\": \"auto\", \"resolutions\": [ ,  , ], \"overlayEffect\": \"direction-aware-fade\", \"boxesToLoadStart\": \"9\", \"boxesToLoad\": \"6\", \"lazyLoad\": true, \"LoadingWord\": \"Gallery images loading\", \"loadMoreWord\": \"More images\", \"noMoreEntriesWord\": \"No images\", \"loadMoreClass\": \" apebtn apebtn-flat apebtn-primary \", \"horizontalSpaceBetweenBoxes\": 10, \"verticalSpaceBetweenBoxes\": 10}, wpape_gallery_69f2ccfdba2f3_css = \"body .mfp-ready.mfp-bg{background-color: rgba(11,11,11,0.8);}.mfp-container .mfp-arrow{display:none;}#wpape_gallery_69f2ccfdba2f3 .wpape-img-container{ -webkit-border-radius: 5px;-moz-border-radius: 5px;border-radius: 5px;}#wpape_gallery_69f2ccfdba2f3 .wpapeTitle{ font-size:12px; line-height:88%; color:#ffffff;}#wpape_gallery_69f2ccfdba2f3 .wpapeTitle:hover{color:#ffffff;}#wpape_gallery_69f2ccfdba2f3 .thumbnail-overlay{background:rgba(7,7,7,0.5);}#wpape_gallery_69f2ccfdba2f3 .wpapeZoomIcon{ font-size:22px; line-height:100%; color:#ffffff;background:rgba(0,0,0,0);}#wpape_gallery_69f2ccfdba2f3 .wpapeZoomIcon:hover{color:#ffffff;background:rgba(0,0,0,0);}#wpape_gallery_69f2ccfdba2f3 .image-with-dimensions{background-color: rgba(255,255,255,1);}body .mfp-title, body .mfp-counter{color: rgb(243,243,243);}\",apeGalleryDelay = 0; head = document.head || document.getElementsByTagName(\"head\")[0], style = document.createElement(\"style\"); style.type = \"text\/css\"; if (style.styleSheet) style.styleSheet.cssText = wpape_gallery_69f2ccfdba2f3_css; \telse  style.appendChild(document.createTextNode(wpape_gallery_69f2ccfdba2f3_css)); head.appendChild(style);<\/script>\n","protected":false},"excerpt":{"rendered":"<p>Les dimanche 2 et 9 Septembre, les Gars\u2019Z\u2019Elles Fontenoises sont sorties hors du d\u00e9partement afin de s\u2019aligner sur deux courses. Dans l\u2019ordre chronologique, Sylvie s\u2019est tout d\u2019abord d\u00e9plac\u00e9e dans les Deux-S\u00e8vres afin de participer au Trail de la Mothe Saint Heray. Au final, un nouveau podium aux couleurs des Gars\u2019Z\u2019Elles. F\u00e9licitations. Ce dimanche, trois Gars\u2019Z\u2019Elles se sont expatri\u00e9es en Anjou afin de participer \u00e0 la 2\u00e8me \u00e9dition des \u00a0\u00bb Foul\u00e9es des R\u00eaves \u00a0\u00bb sur la commune de Saint Georges sur&#8230;<\/p>\n<p class=\"read-more\"><a class=\"btn btn-default\" href=\"https:\/\/www.lesgarszellesfontenoises.fr\/index.php\/2018\/09\/09\/trail-de-la-mothe-saint-heray-et-les-foulees-des-reves-2018\/\">Lire la suite<span class=\"screen-reader-text\"> Lire la suite<\/span><\/a><\/p>\n","protected":false},"author":1,"featured_media":8486,"comment_status":"closed","ping_status":"closed","sticky":false,"template":"","format":"standard","meta":{"_bbp_topic_count":0,"_bbp_reply_count":0,"_bbp_total_topic_count":0,"_bbp_total_reply_count":0,"_bbp_voice_count":0,"_bbp_anonymous_reply_count":0,"_bbp_topic_count_hidden":0,"_bbp_reply_count_hidden":0,"_bbp_forum_subforum_count":0,"footnotes":""},"categories":[6],"tags":[],"class_list":["post-8483","post","type-post","status-publish","format-standard","has-post-thumbnail","hentry","category-sorties-2018"],"_links":{"self":[{"href":"https:\/\/www.lesgarszellesfontenoises.fr\/index.php\/wp-json\/wp\/v2\/posts\/8483","targetHints":{"allow":["GET"]}}],"collection":[{"href":"https:\/\/www.lesgarszellesfontenoises.fr\/index.php\/wp-json\/wp\/v2\/posts"}],"about":[{"href":"https:\/\/www.lesgarszellesfontenoises.fr\/index.php\/wp-json\/wp\/v2\/types\/post"}],"author":[{"embeddable":true,"href":"https:\/\/www.lesgarszellesfontenoises.fr\/index.php\/wp-json\/wp\/v2\/users\/1"}],"replies":[{"embeddable":true,"href":"https:\/\/www.lesgarszellesfontenoises.fr\/index.php\/wp-json\/wp\/v2\/comments?post=8483"}],"version-history":[{"count":8,"href":"https:\/\/www.lesgarszellesfontenoises.fr\/index.php\/wp-json\/wp\/v2\/posts\/8483\/revisions"}],"predecessor-version":[{"id":8506,"href":"https:\/\/www.lesgarszellesfontenoises.fr\/index.php\/wp-json\/wp\/v2\/posts\/8483\/revisions\/8506"}],"wp:featuredmedia":[{"embeddable":true,"href":"https:\/\/www.lesgarszellesfontenoises.fr\/index.php\/wp-json\/wp\/v2\/media\/8486"}],"wp:attachment":[{"href":"https:\/\/www.lesgarszellesfontenoises.fr\/index.php\/wp-json\/wp\/v2\/media?parent=8483"}],"wp:term":[{"taxonomy":"category","embeddable":true,"href":"https:\/\/www.lesgarszellesfontenoises.fr\/index.php\/wp-json\/wp\/v2\/categories?post=8483"},{"taxonomy":"post_tag","embeddable":true,"href":"https:\/\/www.lesgarszellesfontenoises.fr\/index.php\/wp-json\/wp\/v2\/tags?post=8483"}],"curies":[{"name":"wp","href":"https:\/\/api.w.org\/{rel}","templated":true}]}}