{"id":7199,"date":"2019-04-14T15:44:49","date_gmt":"2019-04-14T13:44:49","guid":{"rendered":"https:\/\/www.lesgarszellesfontenoises.fr\/?p=7199"},"modified":"2019-04-14T15:50:50","modified_gmt":"2019-04-14T13:50:50","slug":"trail-de-la-fee-melusine-et-marathon-de-paris-2019","status":"publish","type":"post","link":"https:\/\/www.lesgarszellesfontenoises.fr\/index.php\/2019\/04\/14\/trail-de-la-fee-melusine-et-marathon-de-paris-2019\/","title":{"rendered":"Trail de la F\u00e9e M\u00e9lusine et Marathon de Paris 2019."},"content":{"rendered":"\n<div class=\"wp-block-image\"><figure class=\"alignright size-large is-resized\"><img loading=\"lazy\" decoding=\"async\" src=\"https:\/\/www.lesgarszellesfontenoises.fr\/wp-content\/uploads\/2019\/04\/2019.04.14-Melusine_Paris_2019_-60.jpg\" alt=\"\" class=\"wp-image-7262\" width=\"300\" height=\"225\" srcset=\"https:\/\/www.lesgarszellesfontenoises.fr\/wp-content\/uploads\/2019\/04\/2019.04.14-Melusine_Paris_2019_-60.jpg 1024w, https:\/\/www.lesgarszellesfontenoises.fr\/wp-content\/uploads\/2019\/04\/2019.04.14-Melusine_Paris_2019_-60-300x225.jpg 300w, https:\/\/www.lesgarszellesfontenoises.fr\/wp-content\/uploads\/2019\/04\/2019.04.14-Melusine_Paris_2019_-60-768x576.jpg 768w, https:\/\/www.lesgarszellesfontenoises.fr\/wp-content\/uploads\/2019\/04\/2019.04.14-Melusine_Paris_2019_-60-360x270.jpg 360w\" sizes=\"auto, (max-width: 300px) 100vw, 300px\" \/><\/figure><\/div>\n\n\n\n<p>Dimanche 14 avril, l\u2019actualit\u00e9 sportive de l\u2019association \u00e9tait d\u00e9localis\u00e9e sur les communes de Lusignan et Paris&nbsp;!!!!!<\/p>\n\n\n\n<p>En effet, dans le cadre de l\u2019\u00e9dition 2019 de la F\u00e9e M\u00e9lusine \u00e0 Lusignan, de nombreuses Gars\u2019Z\u2019Elles se sont align\u00e9es sur les diff\u00e9rents parcours propos\u00e9s par le Macc Lusignan.<\/p>\n\n\n\n<p>F\u00e9licitations \u00e0 toutes et \u00e0 tous et plus particuli\u00e8rement \u00e0 Orlane et Martine pour leur 1\u00e8re place respectives dans leur cat\u00e9gorie d\u2019\u00e2ge.<\/p>\n\n\n\n<div class=\"wp-block-image\"><figure class=\"alignleft size-large is-resized\"><img loading=\"lazy\" decoding=\"async\" src=\"https:\/\/www.lesgarszellesfontenoises.fr\/wp-content\/uploads\/2019\/04\/2019.04.14-Melusine_Paris_2019_-87-1024x576.jpg\" alt=\"\" class=\"wp-image-7289\" width=\"328\" height=\"184\" srcset=\"https:\/\/www.lesgarszellesfontenoises.fr\/wp-content\/uploads\/2019\/04\/2019.04.14-Melusine_Paris_2019_-87-1024x576.jpg 1024w, https:\/\/www.lesgarszellesfontenoises.fr\/wp-content\/uploads\/2019\/04\/2019.04.14-Melusine_Paris_2019_-87-300x169.jpg 300w, https:\/\/www.lesgarszellesfontenoises.fr\/wp-content\/uploads\/2019\/04\/2019.04.14-Melusine_Paris_2019_-87-768x432.jpg 768w, https:\/\/www.lesgarszellesfontenoises.fr\/wp-content\/uploads\/2019\/04\/2019.04.14-Melusine_Paris_2019_-87-1536x864.jpg 1536w, https:\/\/www.lesgarszellesfontenoises.fr\/wp-content\/uploads\/2019\/04\/2019.04.14-Melusine_Paris_2019_-87-2048x1152.jpg 2048w, https:\/\/www.lesgarszellesfontenoises.fr\/wp-content\/uploads\/2019\/04\/2019.04.14-Melusine_Paris_2019_-87-480x270.jpg 480w\" sizes=\"auto, (max-width: 328px) 100vw, 328px\" \/><\/figure><\/div>\n\n\n\n<p>Concernant le Marathon de Paris, Myl\u00e8ne, qui accompagnait sa fille pour son premier marathon, termine l\u2019\u00e9preuve en 4H50 tandis que Thierry et David finissent ensemble en 3H59.<\/p>\n\n\n\n<p>Un grand bravo&nbsp;!!!!!!!<\/p>\n\n\n\n<p>(Merci au MACC LUSIGNAN pour une partie des photos du diaporama).<\/p>\n\n\n<div id=\"Block_wpape_gallery_69f30812bb811\" style=\"width:100%;padding-left:5px;padding-top:5px;padding-right:5px;padding-bottom:5px; display: none;\"><div class=\"wpape_gallery_button wpape_gallery_align_left\"  id=\"wpape_gallery_69f30812bb811filter\"><a class=\" apebtn apebtn-flat apebtn-primary  active\" style=\"margin-right:5px;margin-bottom:10px;\" href=\"#\" data-filter=\"*\">Home<\/a><a href=\"#\" data-filter=\".category7202\" class=\" apebtn apebtn-flat apebtn-primary \" style=\"margin-right:5px;margin-bottom:10px;\">2019.04.14 Trail F\u00e9e M\u00e9lusine - Marathon Paris<\/a><\/div><div id=\"wpape_gallery_69f30812bb811\" data-options=\"wpape_gallery_69f30812bb811\" style=\"width:100%;\" class=\"wpape_gallery\"><div class=\"wpape-img category7202\" ><div class=\"wpape-img-image  wpape-lightbox\"  ><div data-thumbnail=\"https:\/\/www.lesgarszellesfontenoises.fr\/wp-content\/uploads\/2019\/04\/2019.04.14-Melusine_Paris_2019_-1-300x225.jpg\" title=\"DCIM101GOPRO\" data-width=\"300\" data-height=\"225\" ><\/div><div data-popup=\"https:\/\/www.lesgarszellesfontenoises.fr\/wp-content\/uploads\/2019\/04\/2019.04.14-Melusine_Paris_2019_-1.jpg\"  title=\"DCIM101GOPRO\"><\/div><div class=\"thumbnail-overlay\"><div class=\"wpapeTitle \">DCIM101GOPRO<\/div><div class=\"wpapeIcons\"><i class=\"fa fa-search wpapeZoomIcon \" ><\/i><\/div><\/div><\/div><\/div><div class=\"wpape-img category7202\" ><div class=\"wpape-img-image  wpape-lightbox\"  ><div data-thumbnail=\"https:\/\/www.lesgarszellesfontenoises.fr\/wp-content\/uploads\/2019\/04\/2019.04.14-Melusine_Paris_2019_-2-300x225.jpg\" title=\"DCIM101GOPRO\" data-width=\"300\" data-height=\"225\" ><\/div><div data-popup=\"https:\/\/www.lesgarszellesfontenoises.fr\/wp-content\/uploads\/2019\/04\/2019.04.14-Melusine_Paris_2019_-2.jpg\"  title=\"DCIM101GOPRO\"><\/div><div class=\"thumbnail-overlay\"><div class=\"wpapeTitle \">DCIM101GOPRO<\/div><div class=\"wpapeIcons\"><i class=\"fa fa-search wpapeZoomIcon \" ><\/i><\/div><\/div><\/div><\/div><div class=\"wpape-img category7202\" ><div class=\"wpape-img-image  wpape-lightbox\"  ><div data-thumbnail=\"https:\/\/www.lesgarszellesfontenoises.fr\/wp-content\/uploads\/2019\/04\/2019.04.14-Melusine_Paris_2019_-3-300x225.jpg\" title=\"DCIM101GOPRO\" data-width=\"300\" data-height=\"225\" ><\/div><div data-popup=\"https:\/\/www.lesgarszellesfontenoises.fr\/wp-content\/uploads\/2019\/04\/2019.04.14-Melusine_Paris_2019_-3.jpg\"  title=\"DCIM101GOPRO\"><\/div><div class=\"thumbnail-overlay\"><div class=\"wpapeTitle \">DCIM101GOPRO<\/div><div class=\"wpapeIcons\"><i class=\"fa fa-search wpapeZoomIcon \" ><\/i><\/div><\/div><\/div><\/div><div class=\"wpape-img category7202\" ><div class=\"wpape-img-image  wpape-lightbox\"  ><div data-thumbnail=\"https:\/\/www.lesgarszellesfontenoises.fr\/wp-content\/uploads\/2019\/04\/2019.04.14-Melusine_Paris_2019_-4-300x225.jpg\" title=\"DCIM101GOPRO\" data-width=\"300\" data-height=\"225\" ><\/div><div data-popup=\"https:\/\/www.lesgarszellesfontenoises.fr\/wp-content\/uploads\/2019\/04\/2019.04.14-Melusine_Paris_2019_-4.jpg\"  title=\"DCIM101GOPRO\"><\/div><div class=\"thumbnail-overlay\"><div class=\"wpapeTitle \">DCIM101GOPRO<\/div><div class=\"wpapeIcons\"><i class=\"fa fa-search wpapeZoomIcon \" ><\/i><\/div><\/div><\/div><\/div><div class=\"wpape-img category7202\" ><div class=\"wpape-img-image  wpape-lightbox\"  ><div data-thumbnail=\"https:\/\/www.lesgarszellesfontenoises.fr\/wp-content\/uploads\/2019\/04\/2019.04.14-Melusine_Paris_2019_-5-225x300.jpg\" title=\"2019.04.14 M\u00e9lusine_Paris_2019_ (5)\" data-width=\"225\" data-height=\"300\" ><\/div><div data-popup=\"https:\/\/www.lesgarszellesfontenoises.fr\/wp-content\/uploads\/2019\/04\/2019.04.14-Melusine_Paris_2019_-5.jpg\"  title=\"2019.04.14 M\u00e9lusine_Paris_2019_ (5)\"><\/div><div class=\"thumbnail-overlay\"><div class=\"wpapeTitle \">2019.04.14 M\u00e9lusine_Paris_2019_ (5)<\/div><div class=\"wpapeIcons\"><i class=\"fa fa-search wpapeZoomIcon \" ><\/i><\/div><\/div><\/div><\/div><div class=\"wpape-img category7202\" ><div class=\"wpape-img-image  wpape-lightbox\"  ><div data-thumbnail=\"https:\/\/www.lesgarszellesfontenoises.fr\/wp-content\/uploads\/2019\/04\/2019.04.14-Melusine_Paris_2019_-6-225x300.jpg\" title=\"2019.04.14 M\u00e9lusine_Paris_2019_ (6)\" data-width=\"225\" data-height=\"300\" ><\/div><div data-popup=\"https:\/\/www.lesgarszellesfontenoises.fr\/wp-content\/uploads\/2019\/04\/2019.04.14-Melusine_Paris_2019_-6.jpg\"  title=\"2019.04.14 M\u00e9lusine_Paris_2019_ (6)\"><\/div><div class=\"thumbnail-overlay\"><div class=\"wpapeTitle \">2019.04.14 M\u00e9lusine_Paris_2019_ (6)<\/div><div class=\"wpapeIcons\"><i class=\"fa fa-search wpapeZoomIcon \" ><\/i><\/div><\/div><\/div><\/div><div class=\"wpape-img category7202\" ><div class=\"wpape-img-image  wpape-lightbox\"  ><div data-thumbnail=\"https:\/\/www.lesgarszellesfontenoises.fr\/wp-content\/uploads\/2019\/04\/2019.04.14-Melusine_Paris_2019_-7-225x300.jpg\" title=\"2019.04.14 M\u00e9lusine_Paris_2019_ (7)\" data-width=\"225\" data-height=\"300\" ><\/div><div data-popup=\"https:\/\/www.lesgarszellesfontenoises.fr\/wp-content\/uploads\/2019\/04\/2019.04.14-Melusine_Paris_2019_-7.jpg\"  title=\"2019.04.14 M\u00e9lusine_Paris_2019_ (7)\"><\/div><div class=\"thumbnail-overlay\"><div class=\"wpapeTitle \">2019.04.14 M\u00e9lusine_Paris_2019_ (7)<\/div><div class=\"wpapeIcons\"><i class=\"fa fa-search wpapeZoomIcon \" ><\/i><\/div><\/div><\/div><\/div><div class=\"wpape-img category7202\" ><div class=\"wpape-img-image  wpape-lightbox\"  ><div data-thumbnail=\"https:\/\/www.lesgarszellesfontenoises.fr\/wp-content\/uploads\/2019\/04\/2019.04.14-Melusine_Paris_2019_-8-225x300.jpg\" title=\"2019.04.14 M\u00e9lusine_Paris_2019_ (8)\" data-width=\"225\" data-height=\"300\" ><\/div><div data-popup=\"https:\/\/www.lesgarszellesfontenoises.fr\/wp-content\/uploads\/2019\/04\/2019.04.14-Melusine_Paris_2019_-8.jpg\"  title=\"2019.04.14 M\u00e9lusine_Paris_2019_ (8)\"><\/div><div class=\"thumbnail-overlay\"><div class=\"wpapeTitle \">2019.04.14 M\u00e9lusine_Paris_2019_ (8)<\/div><div class=\"wpapeIcons\"><i class=\"fa fa-search wpapeZoomIcon \" ><\/i><\/div><\/div><\/div><\/div><div class=\"wpape-img category7202\" ><div class=\"wpape-img-image  wpape-lightbox\"  ><div data-thumbnail=\"https:\/\/www.lesgarszellesfontenoises.fr\/wp-content\/uploads\/2019\/04\/2019.04.14-Melusine_Paris_2019_-9-300x225.jpg\" title=\"2019.04.14 M\u00e9lusine_Paris_2019_ (9)\" data-width=\"300\" data-height=\"225\" ><\/div><div data-popup=\"https:\/\/www.lesgarszellesfontenoises.fr\/wp-content\/uploads\/2019\/04\/2019.04.14-Melusine_Paris_2019_-9.jpg\"  title=\"2019.04.14 M\u00e9lusine_Paris_2019_ (9)\"><\/div><div class=\"thumbnail-overlay\"><div class=\"wpapeTitle \">2019.04.14 M\u00e9lusine_Paris_2019_ (9)<\/div><div class=\"wpapeIcons\"><i class=\"fa fa-search wpapeZoomIcon \" ><\/i><\/div><\/div><\/div><\/div><div class=\"wpape-img category7202\" ><div class=\"wpape-img-image  wpape-lightbox\"  ><div data-thumbnail=\"https:\/\/www.lesgarszellesfontenoises.fr\/wp-content\/uploads\/2019\/04\/2019.04.14-Melusine_Paris_2019_-10-300x225.jpg\" title=\"2019.04.14 M\u00e9lusine_Paris_2019_ (10)\" data-width=\"300\" data-height=\"225\" ><\/div><div data-popup=\"https:\/\/www.lesgarszellesfontenoises.fr\/wp-content\/uploads\/2019\/04\/2019.04.14-Melusine_Paris_2019_-10.jpg\"  title=\"2019.04.14 M\u00e9lusine_Paris_2019_ (10)\"><\/div><div class=\"thumbnail-overlay\"><div class=\"wpapeTitle \">2019.04.14 M\u00e9lusine_Paris_2019_ (10)<\/div><div class=\"wpapeIcons\"><i class=\"fa fa-search wpapeZoomIcon \" ><\/i><\/div><\/div><\/div><\/div><div class=\"wpape-img category7202\" ><div class=\"wpape-img-image  wpape-lightbox\"  ><div data-thumbnail=\"https:\/\/www.lesgarszellesfontenoises.fr\/wp-content\/uploads\/2019\/04\/2019.04.14-Melusine_Paris_2019_-11-225x300.jpg\" title=\"2019.04.14 M\u00e9lusine_Paris_2019_ (11)\" data-width=\"225\" data-height=\"300\" ><\/div><div data-popup=\"https:\/\/www.lesgarszellesfontenoises.fr\/wp-content\/uploads\/2019\/04\/2019.04.14-Melusine_Paris_2019_-11.jpg\"  title=\"2019.04.14 M\u00e9lusine_Paris_2019_ (11)\"><\/div><div class=\"thumbnail-overlay\"><div class=\"wpapeTitle \">2019.04.14 M\u00e9lusine_Paris_2019_ (11)<\/div><div class=\"wpapeIcons\"><i class=\"fa fa-search wpapeZoomIcon \" ><\/i><\/div><\/div><\/div><\/div><div class=\"wpape-img category7202\" ><div class=\"wpape-img-image  wpape-lightbox\"  ><div data-thumbnail=\"https:\/\/www.lesgarszellesfontenoises.fr\/wp-content\/uploads\/2019\/04\/2019.04.14-Melusine_Paris_2019_-12-225x300.jpg\" title=\"2019.04.14 M\u00e9lusine_Paris_2019_ (12)\" data-width=\"225\" data-height=\"300\" ><\/div><div data-popup=\"https:\/\/www.lesgarszellesfontenoises.fr\/wp-content\/uploads\/2019\/04\/2019.04.14-Melusine_Paris_2019_-12.jpg\"  title=\"2019.04.14 M\u00e9lusine_Paris_2019_ (12)\"><\/div><div class=\"thumbnail-overlay\"><div class=\"wpapeTitle \">2019.04.14 M\u00e9lusine_Paris_2019_ (12)<\/div><div class=\"wpapeIcons\"><i class=\"fa fa-search wpapeZoomIcon \" ><\/i><\/div><\/div><\/div><\/div><div class=\"wpape-img category7202\" ><div class=\"wpape-img-image  wpape-lightbox\"  ><div data-thumbnail=\"https:\/\/www.lesgarszellesfontenoises.fr\/wp-content\/uploads\/2019\/04\/2019.04.14-Melusine_Paris_2019_-13-225x300.jpg\" title=\"2019.04.14 M\u00e9lusine_Paris_2019_ (13)\" data-width=\"225\" data-height=\"300\" ><\/div><div data-popup=\"https:\/\/www.lesgarszellesfontenoises.fr\/wp-content\/uploads\/2019\/04\/2019.04.14-Melusine_Paris_2019_-13.jpg\"  title=\"2019.04.14 M\u00e9lusine_Paris_2019_ (13)\"><\/div><div class=\"thumbnail-overlay\"><div class=\"wpapeTitle \">2019.04.14 M\u00e9lusine_Paris_2019_ (13)<\/div><div class=\"wpapeIcons\"><i class=\"fa fa-search wpapeZoomIcon \" ><\/i><\/div><\/div><\/div><\/div><div class=\"wpape-img category7202\" ><div class=\"wpape-img-image  wpape-lightbox\"  ><div data-thumbnail=\"https:\/\/www.lesgarszellesfontenoises.fr\/wp-content\/uploads\/2019\/04\/2019.04.14-Melusine_Paris_2019_-14-225x300.jpg\" title=\"2019.04.14 M\u00e9lusine_Paris_2019_ (14)\" data-width=\"225\" data-height=\"300\" ><\/div><div data-popup=\"https:\/\/www.lesgarszellesfontenoises.fr\/wp-content\/uploads\/2019\/04\/2019.04.14-Melusine_Paris_2019_-14.jpg\"  title=\"2019.04.14 M\u00e9lusine_Paris_2019_ (14)\"><\/div><div class=\"thumbnail-overlay\"><div class=\"wpapeTitle \">2019.04.14 M\u00e9lusine_Paris_2019_ (14)<\/div><div class=\"wpapeIcons\"><i class=\"fa fa-search wpapeZoomIcon \" ><\/i><\/div><\/div><\/div><\/div><div class=\"wpape-img category7202\" ><div class=\"wpape-img-image  wpape-lightbox\"  ><div data-thumbnail=\"https:\/\/www.lesgarszellesfontenoises.fr\/wp-content\/uploads\/2019\/04\/2019.04.14-Melusine_Paris_2019_-15-225x300.jpg\" title=\"2019.04.14 M\u00e9lusine_Paris_2019_ (15)\" data-width=\"225\" data-height=\"300\" ><\/div><div data-popup=\"https:\/\/www.lesgarszellesfontenoises.fr\/wp-content\/uploads\/2019\/04\/2019.04.14-Melusine_Paris_2019_-15.jpg\"  title=\"2019.04.14 M\u00e9lusine_Paris_2019_ (15)\"><\/div><div class=\"thumbnail-overlay\"><div class=\"wpapeTitle \">2019.04.14 M\u00e9lusine_Paris_2019_ (15)<\/div><div class=\"wpapeIcons\"><i class=\"fa fa-search wpapeZoomIcon \" ><\/i><\/div><\/div><\/div><\/div><div class=\"wpape-img category7202\" ><div class=\"wpape-img-image  wpape-lightbox\"  ><div data-thumbnail=\"https:\/\/www.lesgarszellesfontenoises.fr\/wp-content\/uploads\/2019\/04\/2019.04.14-Melusine_Paris_2019_-16-225x300.jpg\" title=\"2019.04.14 M\u00e9lusine_Paris_2019_ (16)\" data-width=\"225\" data-height=\"300\" ><\/div><div data-popup=\"https:\/\/www.lesgarszellesfontenoises.fr\/wp-content\/uploads\/2019\/04\/2019.04.14-Melusine_Paris_2019_-16.jpg\"  title=\"2019.04.14 M\u00e9lusine_Paris_2019_ (16)\"><\/div><div class=\"thumbnail-overlay\"><div class=\"wpapeTitle \">2019.04.14 M\u00e9lusine_Paris_2019_ (16)<\/div><div class=\"wpapeIcons\"><i class=\"fa fa-search wpapeZoomIcon \" ><\/i><\/div><\/div><\/div><\/div><div class=\"wpape-img category7202\" ><div class=\"wpape-img-image  wpape-lightbox\"  ><div data-thumbnail=\"https:\/\/www.lesgarszellesfontenoises.fr\/wp-content\/uploads\/2019\/04\/2019.04.14-Melusine_Paris_2019_-17-300x225.jpg\" title=\"2019.04.14 M\u00e9lusine_Paris_2019_ (17)\" data-width=\"300\" data-height=\"225\" ><\/div><div data-popup=\"https:\/\/www.lesgarszellesfontenoises.fr\/wp-content\/uploads\/2019\/04\/2019.04.14-Melusine_Paris_2019_-17.jpg\"  title=\"2019.04.14 M\u00e9lusine_Paris_2019_ (17)\"><\/div><div class=\"thumbnail-overlay\"><div class=\"wpapeTitle \">2019.04.14 M\u00e9lusine_Paris_2019_ (17)<\/div><div class=\"wpapeIcons\"><i class=\"fa fa-search wpapeZoomIcon \" ><\/i><\/div><\/div><\/div><\/div><div class=\"wpape-img category7202\" ><div class=\"wpape-img-image  wpape-lightbox\"  ><div data-thumbnail=\"https:\/\/www.lesgarszellesfontenoises.fr\/wp-content\/uploads\/2019\/04\/2019.04.14-Melusine_Paris_2019_-18-225x300.jpg\" title=\"2019.04.14 M\u00e9lusine_Paris_2019_ (18)\" data-width=\"225\" data-height=\"300\" ><\/div><div data-popup=\"https:\/\/www.lesgarszellesfontenoises.fr\/wp-content\/uploads\/2019\/04\/2019.04.14-Melusine_Paris_2019_-18.jpg\"  title=\"2019.04.14 M\u00e9lusine_Paris_2019_ (18)\"><\/div><div class=\"thumbnail-overlay\"><div class=\"wpapeTitle \">2019.04.14 M\u00e9lusine_Paris_2019_ (18)<\/div><div class=\"wpapeIcons\"><i class=\"fa fa-search wpapeZoomIcon \" ><\/i><\/div><\/div><\/div><\/div><div class=\"wpape-img category7202\" ><div class=\"wpape-img-image  wpape-lightbox\"  ><div data-thumbnail=\"https:\/\/www.lesgarszellesfontenoises.fr\/wp-content\/uploads\/2019\/04\/2019.04.14-Melusine_Paris_2019_-19-300x225.jpg\" title=\"2019.04.14 M\u00e9lusine_Paris_2019_ (19)\" data-width=\"300\" data-height=\"225\" ><\/div><div data-popup=\"https:\/\/www.lesgarszellesfontenoises.fr\/wp-content\/uploads\/2019\/04\/2019.04.14-Melusine_Paris_2019_-19.jpg\"  title=\"2019.04.14 M\u00e9lusine_Paris_2019_ (19)\"><\/div><div class=\"thumbnail-overlay\"><div class=\"wpapeTitle \">2019.04.14 M\u00e9lusine_Paris_2019_ (19)<\/div><div class=\"wpapeIcons\"><i class=\"fa fa-search wpapeZoomIcon \" ><\/i><\/div><\/div><\/div><\/div><div class=\"wpape-img category7202\" ><div class=\"wpape-img-image  wpape-lightbox\"  ><div data-thumbnail=\"https:\/\/www.lesgarszellesfontenoises.fr\/wp-content\/uploads\/2019\/04\/2019.04.14-Melusine_Paris_2019_-20-300x225.jpg\" title=\"2019.04.14 M\u00e9lusine_Paris_2019_ (20)\" data-width=\"300\" data-height=\"225\" ><\/div><div data-popup=\"https:\/\/www.lesgarszellesfontenoises.fr\/wp-content\/uploads\/2019\/04\/2019.04.14-Melusine_Paris_2019_-20.jpg\"  title=\"2019.04.14 M\u00e9lusine_Paris_2019_ (20)\"><\/div><div class=\"thumbnail-overlay\"><div class=\"wpapeTitle \">2019.04.14 M\u00e9lusine_Paris_2019_ (20)<\/div><div class=\"wpapeIcons\"><i class=\"fa fa-search wpapeZoomIcon \" ><\/i><\/div><\/div><\/div><\/div><div class=\"wpape-img category7202\" ><div class=\"wpape-img-image  wpape-lightbox\"  ><div data-thumbnail=\"https:\/\/www.lesgarszellesfontenoises.fr\/wp-content\/uploads\/2019\/04\/2019.04.14-Melusine_Paris_2019_-21-197x300.jpg\" title=\"2019.04.14 M\u00e9lusine_Paris_2019_ (21)\" data-width=\"197\" data-height=\"300\" ><\/div><div data-popup=\"https:\/\/www.lesgarszellesfontenoises.fr\/wp-content\/uploads\/2019\/04\/2019.04.14-Melusine_Paris_2019_-21.jpg\"  title=\"2019.04.14 M\u00e9lusine_Paris_2019_ (21)\"><\/div><div class=\"thumbnail-overlay\"><div class=\"wpapeTitle \">2019.04.14 M\u00e9lusine_Paris_2019_ (21)<\/div><div class=\"wpapeIcons\"><i class=\"fa fa-search wpapeZoomIcon \" ><\/i><\/div><\/div><\/div><\/div><div class=\"wpape-img category7202\" ><div class=\"wpape-img-image  wpape-lightbox\"  ><div data-thumbnail=\"https:\/\/www.lesgarszellesfontenoises.fr\/wp-content\/uploads\/2019\/04\/2019.04.14-Melusine_Paris_2019_-22-132x300.jpg\" title=\"2019.04.14 M\u00e9lusine_Paris_2019_ (22)\" data-width=\"132\" data-height=\"300\" ><\/div><div data-popup=\"https:\/\/www.lesgarszellesfontenoises.fr\/wp-content\/uploads\/2019\/04\/2019.04.14-Melusine_Paris_2019_-22.jpg\"  title=\"2019.04.14 M\u00e9lusine_Paris_2019_ (22)\"><\/div><div class=\"thumbnail-overlay\"><div class=\"wpapeTitle \">2019.04.14 M\u00e9lusine_Paris_2019_ (22)<\/div><div class=\"wpapeIcons\"><i class=\"fa fa-search wpapeZoomIcon \" ><\/i><\/div><\/div><\/div><\/div><div class=\"wpape-img category7202\" ><div class=\"wpape-img-image  wpape-lightbox\"  ><div data-thumbnail=\"https:\/\/www.lesgarszellesfontenoises.fr\/wp-content\/uploads\/2019\/04\/2019.04.14-Melusine_Paris_2019_-23-300x242.jpg\" title=\"2019.04.14 M\u00e9lusine_Paris_2019_ (23)\" data-width=\"300\" data-height=\"242\" ><\/div><div data-popup=\"https:\/\/www.lesgarszellesfontenoises.fr\/wp-content\/uploads\/2019\/04\/2019.04.14-Melusine_Paris_2019_-23.jpg\"  title=\"2019.04.14 M\u00e9lusine_Paris_2019_ (23)\"><\/div><div class=\"thumbnail-overlay\"><div class=\"wpapeTitle \">2019.04.14 M\u00e9lusine_Paris_2019_ (23)<\/div><div class=\"wpapeIcons\"><i class=\"fa fa-search wpapeZoomIcon \" ><\/i><\/div><\/div><\/div><\/div><div class=\"wpape-img category7202\" ><div class=\"wpape-img-image  wpape-lightbox\"  ><div data-thumbnail=\"https:\/\/www.lesgarszellesfontenoises.fr\/wp-content\/uploads\/2019\/04\/2019.04.14-Melusine_Paris_2019_-24-142x300.jpg\" title=\"2019.04.14 M\u00e9lusine_Paris_2019_ (24)\" data-width=\"142\" data-height=\"300\" ><\/div><div data-popup=\"https:\/\/www.lesgarszellesfontenoises.fr\/wp-content\/uploads\/2019\/04\/2019.04.14-Melusine_Paris_2019_-24.jpg\"  title=\"2019.04.14 M\u00e9lusine_Paris_2019_ (24)\"><\/div><div class=\"thumbnail-overlay\"><div class=\"wpapeTitle \">2019.04.14 M\u00e9lusine_Paris_2019_ (24)<\/div><div class=\"wpapeIcons\"><i class=\"fa fa-search wpapeZoomIcon \" ><\/i><\/div><\/div><\/div><\/div><div class=\"wpape-img category7202\" ><div class=\"wpape-img-image  wpape-lightbox\"  ><div data-thumbnail=\"https:\/\/www.lesgarszellesfontenoises.fr\/wp-content\/uploads\/2019\/04\/2019.04.14-Melusine_Paris_2019_-25-238x300.jpg\" title=\"2019.04.14 M\u00e9lusine_Paris_2019_ (25)\" data-width=\"238\" data-height=\"300\" ><\/div><div data-popup=\"https:\/\/www.lesgarszellesfontenoises.fr\/wp-content\/uploads\/2019\/04\/2019.04.14-Melusine_Paris_2019_-25.jpg\"  title=\"2019.04.14 M\u00e9lusine_Paris_2019_ (25)\"><\/div><div class=\"thumbnail-overlay\"><div class=\"wpapeTitle \">2019.04.14 M\u00e9lusine_Paris_2019_ (25)<\/div><div class=\"wpapeIcons\"><i class=\"fa fa-search wpapeZoomIcon \" ><\/i><\/div><\/div><\/div><\/div><div class=\"wpape-img category7202\" ><div class=\"wpape-img-image  wpape-lightbox\"  ><div data-thumbnail=\"https:\/\/www.lesgarszellesfontenoises.fr\/wp-content\/uploads\/2019\/04\/2019.04.14-Melusine_Paris_2019_-26-178x300.jpg\" title=\"2019.04.14 M\u00e9lusine_Paris_2019_ (26)\" data-width=\"178\" data-height=\"300\" ><\/div><div data-popup=\"https:\/\/www.lesgarszellesfontenoises.fr\/wp-content\/uploads\/2019\/04\/2019.04.14-Melusine_Paris_2019_-26.jpg\"  title=\"2019.04.14 M\u00e9lusine_Paris_2019_ (26)\"><\/div><div class=\"thumbnail-overlay\"><div class=\"wpapeTitle \">2019.04.14 M\u00e9lusine_Paris_2019_ (26)<\/div><div class=\"wpapeIcons\"><i class=\"fa fa-search wpapeZoomIcon \" ><\/i><\/div><\/div><\/div><\/div><div class=\"wpape-img category7202\" ><div class=\"wpape-img-image  wpape-lightbox\"  ><div data-thumbnail=\"https:\/\/www.lesgarszellesfontenoises.fr\/wp-content\/uploads\/2019\/04\/2019.04.14-Melusine_Paris_2019_-27-193x300.jpg\" title=\"2019.04.14 M\u00e9lusine_Paris_2019_ (27)\" data-width=\"193\" data-height=\"300\" ><\/div><div data-popup=\"https:\/\/www.lesgarszellesfontenoises.fr\/wp-content\/uploads\/2019\/04\/2019.04.14-Melusine_Paris_2019_-27.jpg\"  title=\"2019.04.14 M\u00e9lusine_Paris_2019_ (27)\"><\/div><div class=\"thumbnail-overlay\"><div class=\"wpapeTitle \">2019.04.14 M\u00e9lusine_Paris_2019_ (27)<\/div><div class=\"wpapeIcons\"><i class=\"fa fa-search wpapeZoomIcon \" ><\/i><\/div><\/div><\/div><\/div><div class=\"wpape-img category7202\" ><div class=\"wpape-img-image  wpape-lightbox\"  ><div data-thumbnail=\"https:\/\/www.lesgarszellesfontenoises.fr\/wp-content\/uploads\/2019\/04\/2019.04.14-Melusine_Paris_2019_-28-225x300.jpg\" title=\"2019.04.14 M\u00e9lusine_Paris_2019_ (28)\" data-width=\"225\" data-height=\"300\" ><\/div><div data-popup=\"https:\/\/www.lesgarszellesfontenoises.fr\/wp-content\/uploads\/2019\/04\/2019.04.14-Melusine_Paris_2019_-28.jpg\"  title=\"2019.04.14 M\u00e9lusine_Paris_2019_ (28)\"><\/div><div class=\"thumbnail-overlay\"><div class=\"wpapeTitle \">2019.04.14 M\u00e9lusine_Paris_2019_ (28)<\/div><div class=\"wpapeIcons\"><i class=\"fa fa-search wpapeZoomIcon \" ><\/i><\/div><\/div><\/div><\/div><div class=\"wpape-img category7202\" ><div class=\"wpape-img-image  wpape-lightbox\"  ><div data-thumbnail=\"https:\/\/www.lesgarszellesfontenoises.fr\/wp-content\/uploads\/2019\/04\/2019.04.14-Melusine_Paris_2019_-29-225x300.jpg\" title=\"2019.04.14 M\u00e9lusine_Paris_2019_ (29)\" data-width=\"225\" data-height=\"300\" ><\/div><div data-popup=\"https:\/\/www.lesgarszellesfontenoises.fr\/wp-content\/uploads\/2019\/04\/2019.04.14-Melusine_Paris_2019_-29.jpg\"  title=\"2019.04.14 M\u00e9lusine_Paris_2019_ (29)\"><\/div><div class=\"thumbnail-overlay\"><div class=\"wpapeTitle \">2019.04.14 M\u00e9lusine_Paris_2019_ (29)<\/div><div class=\"wpapeIcons\"><i class=\"fa fa-search wpapeZoomIcon \" ><\/i><\/div><\/div><\/div><\/div><div class=\"wpape-img category7202\" ><div class=\"wpape-img-image  wpape-lightbox\"  ><div data-thumbnail=\"https:\/\/www.lesgarszellesfontenoises.fr\/wp-content\/uploads\/2019\/04\/2019.04.14-Melusine_Paris_2019_-30-225x300.jpg\" title=\"2019.04.14 M\u00e9lusine_Paris_2019_ (30)\" data-width=\"225\" data-height=\"300\" ><\/div><div data-popup=\"https:\/\/www.lesgarszellesfontenoises.fr\/wp-content\/uploads\/2019\/04\/2019.04.14-Melusine_Paris_2019_-30.jpg\"  title=\"2019.04.14 M\u00e9lusine_Paris_2019_ (30)\"><\/div><div class=\"thumbnail-overlay\"><div class=\"wpapeTitle \">2019.04.14 M\u00e9lusine_Paris_2019_ (30)<\/div><div class=\"wpapeIcons\"><i class=\"fa fa-search wpapeZoomIcon \" ><\/i><\/div><\/div><\/div><\/div><div class=\"wpape-img category7202\" ><div class=\"wpape-img-image  wpape-lightbox\"  ><div data-thumbnail=\"https:\/\/www.lesgarszellesfontenoises.fr\/wp-content\/uploads\/2019\/04\/2019.04.14-Melusine_Paris_2019_-31-150x300.jpg\" title=\"2019.04.14 M\u00e9lusine_Paris_2019_ (31)\" data-width=\"150\" data-height=\"300\" ><\/div><div data-popup=\"https:\/\/www.lesgarszellesfontenoises.fr\/wp-content\/uploads\/2019\/04\/2019.04.14-Melusine_Paris_2019_-31.jpg\"  title=\"2019.04.14 M\u00e9lusine_Paris_2019_ (31)\"><\/div><div class=\"thumbnail-overlay\"><div class=\"wpapeTitle \">2019.04.14 M\u00e9lusine_Paris_2019_ (31)<\/div><div class=\"wpapeIcons\"><i class=\"fa fa-search wpapeZoomIcon \" ><\/i><\/div><\/div><\/div><\/div><div class=\"wpape-img category7202\" ><div class=\"wpape-img-image  wpape-lightbox\"  ><div data-thumbnail=\"https:\/\/www.lesgarszellesfontenoises.fr\/wp-content\/uploads\/2019\/04\/2019.04.14-Melusine_Paris_2019_-32-225x300.jpg\" title=\"2019.04.14 M\u00e9lusine_Paris_2019_ (32)\" data-width=\"225\" data-height=\"300\" ><\/div><div data-popup=\"https:\/\/www.lesgarszellesfontenoises.fr\/wp-content\/uploads\/2019\/04\/2019.04.14-Melusine_Paris_2019_-32.jpg\"  title=\"2019.04.14 M\u00e9lusine_Paris_2019_ (32)\"><\/div><div class=\"thumbnail-overlay\"><div class=\"wpapeTitle \">2019.04.14 M\u00e9lusine_Paris_2019_ (32)<\/div><div class=\"wpapeIcons\"><i class=\"fa fa-search wpapeZoomIcon \" ><\/i><\/div><\/div><\/div><\/div><div class=\"wpape-img category7202\" ><div class=\"wpape-img-image  wpape-lightbox\"  ><div data-thumbnail=\"https:\/\/www.lesgarszellesfontenoises.fr\/wp-content\/uploads\/2019\/04\/2019.04.14-Melusine_Paris_2019_-33-225x300.jpg\" title=\"2019.04.14 M\u00e9lusine_Paris_2019_ (33)\" data-width=\"225\" data-height=\"300\" ><\/div><div data-popup=\"https:\/\/www.lesgarszellesfontenoises.fr\/wp-content\/uploads\/2019\/04\/2019.04.14-Melusine_Paris_2019_-33.jpg\"  title=\"2019.04.14 M\u00e9lusine_Paris_2019_ (33)\"><\/div><div class=\"thumbnail-overlay\"><div class=\"wpapeTitle \">2019.04.14 M\u00e9lusine_Paris_2019_ (33)<\/div><div class=\"wpapeIcons\"><i class=\"fa fa-search wpapeZoomIcon \" ><\/i><\/div><\/div><\/div><\/div><div class=\"wpape-img category7202\" ><div class=\"wpape-img-image  wpape-lightbox\"  ><div data-thumbnail=\"https:\/\/www.lesgarszellesfontenoises.fr\/wp-content\/uploads\/2019\/04\/2019.04.14-Melusine_Paris_2019_-34-163x300.jpg\" title=\"2019.04.14 M\u00e9lusine_Paris_2019_ (34)\" data-width=\"163\" data-height=\"300\" ><\/div><div data-popup=\"https:\/\/www.lesgarszellesfontenoises.fr\/wp-content\/uploads\/2019\/04\/2019.04.14-Melusine_Paris_2019_-34.jpg\"  title=\"2019.04.14 M\u00e9lusine_Paris_2019_ (34)\"><\/div><div class=\"thumbnail-overlay\"><div class=\"wpapeTitle \">2019.04.14 M\u00e9lusine_Paris_2019_ (34)<\/div><div class=\"wpapeIcons\"><i class=\"fa fa-search wpapeZoomIcon \" ><\/i><\/div><\/div><\/div><\/div><div class=\"wpape-img category7202\" ><div class=\"wpape-img-image  wpape-lightbox\"  ><div data-thumbnail=\"https:\/\/www.lesgarszellesfontenoises.fr\/wp-content\/uploads\/2019\/04\/2019.04.14-Melusine_Paris_2019_-35-175x300.jpg\" title=\"2019.04.14 M\u00e9lusine_Paris_2019_ (35)\" data-width=\"175\" data-height=\"300\" ><\/div><div data-popup=\"https:\/\/www.lesgarszellesfontenoises.fr\/wp-content\/uploads\/2019\/04\/2019.04.14-Melusine_Paris_2019_-35.jpg\"  title=\"2019.04.14 M\u00e9lusine_Paris_2019_ (35)\"><\/div><div class=\"thumbnail-overlay\"><div class=\"wpapeTitle \">2019.04.14 M\u00e9lusine_Paris_2019_ (35)<\/div><div class=\"wpapeIcons\"><i class=\"fa fa-search wpapeZoomIcon \" ><\/i><\/div><\/div><\/div><\/div><div class=\"wpape-img category7202\" ><div class=\"wpape-img-image  wpape-lightbox\"  ><div data-thumbnail=\"https:\/\/www.lesgarszellesfontenoises.fr\/wp-content\/uploads\/2019\/04\/2019.04.14-Melusine_Paris_2019_-36-144x300.jpg\" title=\"2019.04.14 M\u00e9lusine_Paris_2019_ (36)\" data-width=\"144\" data-height=\"300\" ><\/div><div data-popup=\"https:\/\/www.lesgarszellesfontenoises.fr\/wp-content\/uploads\/2019\/04\/2019.04.14-Melusine_Paris_2019_-36.jpg\"  title=\"2019.04.14 M\u00e9lusine_Paris_2019_ (36)\"><\/div><div class=\"thumbnail-overlay\"><div class=\"wpapeTitle \">2019.04.14 M\u00e9lusine_Paris_2019_ (36)<\/div><div class=\"wpapeIcons\"><i class=\"fa fa-search wpapeZoomIcon \" ><\/i><\/div><\/div><\/div><\/div><div class=\"wpape-img category7202\" ><div class=\"wpape-img-image  wpape-lightbox\"  ><div data-thumbnail=\"https:\/\/www.lesgarszellesfontenoises.fr\/wp-content\/uploads\/2019\/04\/2019.04.14-Melusine_Paris_2019_-37-225x300.jpg\" title=\"2019.04.14 M\u00e9lusine_Paris_2019_ (37)\" data-width=\"225\" data-height=\"300\" ><\/div><div data-popup=\"https:\/\/www.lesgarszellesfontenoises.fr\/wp-content\/uploads\/2019\/04\/2019.04.14-Melusine_Paris_2019_-37.jpg\"  title=\"2019.04.14 M\u00e9lusine_Paris_2019_ (37)\"><\/div><div class=\"thumbnail-overlay\"><div class=\"wpapeTitle \">2019.04.14 M\u00e9lusine_Paris_2019_ (37)<\/div><div class=\"wpapeIcons\"><i class=\"fa fa-search wpapeZoomIcon \" ><\/i><\/div><\/div><\/div><\/div><div class=\"wpape-img category7202\" ><div class=\"wpape-img-image  wpape-lightbox\"  ><div data-thumbnail=\"https:\/\/www.lesgarszellesfontenoises.fr\/wp-content\/uploads\/2019\/04\/2019.04.14-Melusine_Paris_2019_-38-204x300.jpg\" title=\"2019.04.14 M\u00e9lusine_Paris_2019_ (38)\" data-width=\"204\" data-height=\"300\" ><\/div><div data-popup=\"https:\/\/www.lesgarszellesfontenoises.fr\/wp-content\/uploads\/2019\/04\/2019.04.14-Melusine_Paris_2019_-38.jpg\"  title=\"2019.04.14 M\u00e9lusine_Paris_2019_ (38)\"><\/div><div class=\"thumbnail-overlay\"><div class=\"wpapeTitle \">2019.04.14 M\u00e9lusine_Paris_2019_ (38)<\/div><div class=\"wpapeIcons\"><i class=\"fa fa-search wpapeZoomIcon \" ><\/i><\/div><\/div><\/div><\/div><div class=\"wpape-img category7202\" ><div class=\"wpape-img-image  wpape-lightbox\"  ><div data-thumbnail=\"https:\/\/www.lesgarszellesfontenoises.fr\/wp-content\/uploads\/2019\/04\/2019.04.14-Melusine_Paris_2019_-39-225x300.jpg\" title=\"2019.04.14 M\u00e9lusine_Paris_2019_ (39)\" data-width=\"225\" data-height=\"300\" ><\/div><div data-popup=\"https:\/\/www.lesgarszellesfontenoises.fr\/wp-content\/uploads\/2019\/04\/2019.04.14-Melusine_Paris_2019_-39.jpg\"  title=\"2019.04.14 M\u00e9lusine_Paris_2019_ (39)\"><\/div><div class=\"thumbnail-overlay\"><div class=\"wpapeTitle \">2019.04.14 M\u00e9lusine_Paris_2019_ (39)<\/div><div class=\"wpapeIcons\"><i class=\"fa fa-search wpapeZoomIcon \" ><\/i><\/div><\/div><\/div><\/div><div class=\"wpape-img category7202\" ><div class=\"wpape-img-image  wpape-lightbox\"  ><div data-thumbnail=\"https:\/\/www.lesgarszellesfontenoises.fr\/wp-content\/uploads\/2019\/04\/2019.04.14-Melusine_Paris_2019_-40-225x300.jpg\" title=\"2019.04.14 M\u00e9lusine_Paris_2019_ (40)\" data-width=\"225\" data-height=\"300\" ><\/div><div data-popup=\"https:\/\/www.lesgarszellesfontenoises.fr\/wp-content\/uploads\/2019\/04\/2019.04.14-Melusine_Paris_2019_-40.jpg\"  title=\"2019.04.14 M\u00e9lusine_Paris_2019_ (40)\"><\/div><div class=\"thumbnail-overlay\"><div class=\"wpapeTitle \">2019.04.14 M\u00e9lusine_Paris_2019_ (40)<\/div><div class=\"wpapeIcons\"><i class=\"fa fa-search wpapeZoomIcon \" ><\/i><\/div><\/div><\/div><\/div><div class=\"wpape-img category7202\" ><div class=\"wpape-img-image  wpape-lightbox\"  ><div data-thumbnail=\"https:\/\/www.lesgarszellesfontenoises.fr\/wp-content\/uploads\/2019\/04\/2019.04.14-Melusine_Paris_2019_-41-300x225.jpg\" title=\"2019.04.14 M\u00e9lusine_Paris_2019_ (41)\" data-width=\"300\" data-height=\"225\" ><\/div><div data-popup=\"https:\/\/www.lesgarszellesfontenoises.fr\/wp-content\/uploads\/2019\/04\/2019.04.14-Melusine_Paris_2019_-41.jpg\"  title=\"2019.04.14 M\u00e9lusine_Paris_2019_ (41)\"><\/div><div class=\"thumbnail-overlay\"><div class=\"wpapeTitle \">2019.04.14 M\u00e9lusine_Paris_2019_ (41)<\/div><div class=\"wpapeIcons\"><i class=\"fa fa-search wpapeZoomIcon \" ><\/i><\/div><\/div><\/div><\/div><div class=\"wpape-img category7202\" ><div class=\"wpape-img-image  wpape-lightbox\"  ><div data-thumbnail=\"https:\/\/www.lesgarszellesfontenoises.fr\/wp-content\/uploads\/2019\/04\/2019.04.14-Melusine_Paris_2019_-42-185x300.jpg\" title=\"2019.04.14 M\u00e9lusine_Paris_2019_ (42)\" data-width=\"185\" data-height=\"300\" ><\/div><div data-popup=\"https:\/\/www.lesgarszellesfontenoises.fr\/wp-content\/uploads\/2019\/04\/2019.04.14-Melusine_Paris_2019_-42.jpg\"  title=\"2019.04.14 M\u00e9lusine_Paris_2019_ (42)\"><\/div><div class=\"thumbnail-overlay\"><div class=\"wpapeTitle \">2019.04.14 M\u00e9lusine_Paris_2019_ (42)<\/div><div class=\"wpapeIcons\"><i class=\"fa fa-search wpapeZoomIcon \" ><\/i><\/div><\/div><\/div><\/div><div class=\"wpape-img category7202\" ><div class=\"wpape-img-image  wpape-lightbox\"  ><div data-thumbnail=\"https:\/\/www.lesgarszellesfontenoises.fr\/wp-content\/uploads\/2019\/04\/2019.04.14-Melusine_Paris_2019_-43-225x300.jpg\" title=\"2019.04.14 M\u00e9lusine_Paris_2019_ (43)\" data-width=\"225\" data-height=\"300\" ><\/div><div data-popup=\"https:\/\/www.lesgarszellesfontenoises.fr\/wp-content\/uploads\/2019\/04\/2019.04.14-Melusine_Paris_2019_-43.jpg\"  title=\"2019.04.14 M\u00e9lusine_Paris_2019_ (43)\"><\/div><div class=\"thumbnail-overlay\"><div class=\"wpapeTitle \">2019.04.14 M\u00e9lusine_Paris_2019_ (43)<\/div><div class=\"wpapeIcons\"><i class=\"fa fa-search wpapeZoomIcon \" ><\/i><\/div><\/div><\/div><\/div><div class=\"wpape-img category7202\" ><div class=\"wpape-img-image  wpape-lightbox\"  ><div data-thumbnail=\"https:\/\/www.lesgarszellesfontenoises.fr\/wp-content\/uploads\/2019\/04\/2019.04.14-Melusine_Paris_2019_-44-192x300.jpg\" title=\"2019.04.14 M\u00e9lusine_Paris_2019_ (44)\" data-width=\"192\" data-height=\"300\" ><\/div><div data-popup=\"https:\/\/www.lesgarszellesfontenoises.fr\/wp-content\/uploads\/2019\/04\/2019.04.14-Melusine_Paris_2019_-44.jpg\"  title=\"2019.04.14 M\u00e9lusine_Paris_2019_ (44)\"><\/div><div class=\"thumbnail-overlay\"><div class=\"wpapeTitle \">2019.04.14 M\u00e9lusine_Paris_2019_ (44)<\/div><div class=\"wpapeIcons\"><i class=\"fa fa-search wpapeZoomIcon \" ><\/i><\/div><\/div><\/div><\/div><div class=\"wpape-img category7202\" ><div class=\"wpape-img-image  wpape-lightbox\"  ><div data-thumbnail=\"https:\/\/www.lesgarszellesfontenoises.fr\/wp-content\/uploads\/2019\/04\/2019.04.14-Melusine_Paris_2019_-45-225x300.jpg\" title=\"2019.04.14 M\u00e9lusine_Paris_2019_ (45)\" data-width=\"225\" data-height=\"300\" ><\/div><div data-popup=\"https:\/\/www.lesgarszellesfontenoises.fr\/wp-content\/uploads\/2019\/04\/2019.04.14-Melusine_Paris_2019_-45.jpg\"  title=\"2019.04.14 M\u00e9lusine_Paris_2019_ (45)\"><\/div><div class=\"thumbnail-overlay\"><div class=\"wpapeTitle \">2019.04.14 M\u00e9lusine_Paris_2019_ (45)<\/div><div class=\"wpapeIcons\"><i class=\"fa fa-search wpapeZoomIcon \" ><\/i><\/div><\/div><\/div><\/div><div class=\"wpape-img category7202\" ><div class=\"wpape-img-image  wpape-lightbox\"  ><div data-thumbnail=\"https:\/\/www.lesgarszellesfontenoises.fr\/wp-content\/uploads\/2019\/04\/2019.04.14-Melusine_Paris_2019_-46-143x300.jpg\" title=\"2019.04.14 M\u00e9lusine_Paris_2019_ (46)\" data-width=\"143\" data-height=\"300\" ><\/div><div data-popup=\"https:\/\/www.lesgarszellesfontenoises.fr\/wp-content\/uploads\/2019\/04\/2019.04.14-Melusine_Paris_2019_-46.jpg\"  title=\"2019.04.14 M\u00e9lusine_Paris_2019_ (46)\"><\/div><div class=\"thumbnail-overlay\"><div class=\"wpapeTitle \">2019.04.14 M\u00e9lusine_Paris_2019_ (46)<\/div><div class=\"wpapeIcons\"><i class=\"fa fa-search wpapeZoomIcon \" ><\/i><\/div><\/div><\/div><\/div><div class=\"wpape-img category7202\" ><div class=\"wpape-img-image  wpape-lightbox\"  ><div data-thumbnail=\"https:\/\/www.lesgarszellesfontenoises.fr\/wp-content\/uploads\/2019\/04\/2019.04.14-Melusine_Paris_2019_-47-225x300.jpg\" title=\"2019.04.14 M\u00e9lusine_Paris_2019_ (47)\" data-width=\"225\" data-height=\"300\" ><\/div><div data-popup=\"https:\/\/www.lesgarszellesfontenoises.fr\/wp-content\/uploads\/2019\/04\/2019.04.14-Melusine_Paris_2019_-47.jpg\"  title=\"2019.04.14 M\u00e9lusine_Paris_2019_ (47)\"><\/div><div class=\"thumbnail-overlay\"><div class=\"wpapeTitle \">2019.04.14 M\u00e9lusine_Paris_2019_ (47)<\/div><div class=\"wpapeIcons\"><i class=\"fa fa-search wpapeZoomIcon \" ><\/i><\/div><\/div><\/div><\/div><div class=\"wpape-img category7202\" ><div class=\"wpape-img-image  wpape-lightbox\"  ><div data-thumbnail=\"https:\/\/www.lesgarszellesfontenoises.fr\/wp-content\/uploads\/2019\/04\/2019.04.14-Melusine_Paris_2019_-48-214x300.jpg\" title=\"2019.04.14 M\u00e9lusine_Paris_2019_ (48)\" data-width=\"214\" data-height=\"300\" ><\/div><div data-popup=\"https:\/\/www.lesgarszellesfontenoises.fr\/wp-content\/uploads\/2019\/04\/2019.04.14-Melusine_Paris_2019_-48.jpg\"  title=\"2019.04.14 M\u00e9lusine_Paris_2019_ (48)\"><\/div><div class=\"thumbnail-overlay\"><div class=\"wpapeTitle \">2019.04.14 M\u00e9lusine_Paris_2019_ (48)<\/div><div class=\"wpapeIcons\"><i class=\"fa fa-search wpapeZoomIcon \" ><\/i><\/div><\/div><\/div><\/div><div class=\"wpape-img category7202\" ><div class=\"wpape-img-image  wpape-lightbox\"  ><div data-thumbnail=\"https:\/\/www.lesgarszellesfontenoises.fr\/wp-content\/uploads\/2019\/04\/2019.04.14-Melusine_Paris_2019_-49-225x300.jpg\" title=\"2019.04.14 M\u00e9lusine_Paris_2019_ (49)\" data-width=\"225\" data-height=\"300\" ><\/div><div data-popup=\"https:\/\/www.lesgarszellesfontenoises.fr\/wp-content\/uploads\/2019\/04\/2019.04.14-Melusine_Paris_2019_-49.jpg\"  title=\"2019.04.14 M\u00e9lusine_Paris_2019_ (49)\"><\/div><div class=\"thumbnail-overlay\"><div class=\"wpapeTitle \">2019.04.14 M\u00e9lusine_Paris_2019_ (49)<\/div><div class=\"wpapeIcons\"><i class=\"fa fa-search wpapeZoomIcon \" ><\/i><\/div><\/div><\/div><\/div><div class=\"wpape-img category7202\" ><div class=\"wpape-img-image  wpape-lightbox\"  ><div data-thumbnail=\"https:\/\/www.lesgarszellesfontenoises.fr\/wp-content\/uploads\/2019\/04\/2019.04.14-Melusine_Paris_2019_-50-209x300.jpg\" title=\"2019.04.14 M\u00e9lusine_Paris_2019_ (50)\" data-width=\"209\" data-height=\"300\" ><\/div><div data-popup=\"https:\/\/www.lesgarszellesfontenoises.fr\/wp-content\/uploads\/2019\/04\/2019.04.14-Melusine_Paris_2019_-50.jpg\"  title=\"2019.04.14 M\u00e9lusine_Paris_2019_ (50)\"><\/div><div class=\"thumbnail-overlay\"><div class=\"wpapeTitle \">2019.04.14 M\u00e9lusine_Paris_2019_ (50)<\/div><div class=\"wpapeIcons\"><i class=\"fa fa-search wpapeZoomIcon \" ><\/i><\/div><\/div><\/div><\/div><div class=\"wpape-img category7202\" ><div class=\"wpape-img-image  wpape-lightbox\"  ><div data-thumbnail=\"https:\/\/www.lesgarszellesfontenoises.fr\/wp-content\/uploads\/2019\/04\/2019.04.14-Melusine_Paris_2019_-51-225x300.jpg\" title=\"2019.04.14 M\u00e9lusine_Paris_2019_ (51)\" data-width=\"225\" data-height=\"300\" ><\/div><div data-popup=\"https:\/\/www.lesgarszellesfontenoises.fr\/wp-content\/uploads\/2019\/04\/2019.04.14-Melusine_Paris_2019_-51.jpg\"  title=\"2019.04.14 M\u00e9lusine_Paris_2019_ (51)\"><\/div><div class=\"thumbnail-overlay\"><div class=\"wpapeTitle \">2019.04.14 M\u00e9lusine_Paris_2019_ (51)<\/div><div class=\"wpapeIcons\"><i class=\"fa fa-search wpapeZoomIcon \" ><\/i><\/div><\/div><\/div><\/div><div class=\"wpape-img category7202\" ><div class=\"wpape-img-image  wpape-lightbox\"  ><div data-thumbnail=\"https:\/\/www.lesgarszellesfontenoises.fr\/wp-content\/uploads\/2019\/04\/2019.04.14-Melusine_Paris_2019_-52-225x300.jpg\" title=\"2019.04.14 M\u00e9lusine_Paris_2019_ (52)\" data-width=\"225\" data-height=\"300\" ><\/div><div data-popup=\"https:\/\/www.lesgarszellesfontenoises.fr\/wp-content\/uploads\/2019\/04\/2019.04.14-Melusine_Paris_2019_-52.jpg\"  title=\"2019.04.14 M\u00e9lusine_Paris_2019_ (52)\"><\/div><div class=\"thumbnail-overlay\"><div class=\"wpapeTitle \">2019.04.14 M\u00e9lusine_Paris_2019_ (52)<\/div><div class=\"wpapeIcons\"><i class=\"fa fa-search wpapeZoomIcon \" ><\/i><\/div><\/div><\/div><\/div><div class=\"wpape-img category7202\" ><div class=\"wpape-img-image  wpape-lightbox\"  ><div data-thumbnail=\"https:\/\/www.lesgarszellesfontenoises.fr\/wp-content\/uploads\/2019\/04\/2019.04.14-Melusine_Paris_2019_-53-300x225.jpg\" title=\"2019.04.14 M\u00e9lusine_Paris_2019_ (53)\" data-width=\"300\" data-height=\"225\" ><\/div><div data-popup=\"https:\/\/www.lesgarszellesfontenoises.fr\/wp-content\/uploads\/2019\/04\/2019.04.14-Melusine_Paris_2019_-53.jpg\"  title=\"2019.04.14 M\u00e9lusine_Paris_2019_ (53)\"><\/div><div class=\"thumbnail-overlay\"><div class=\"wpapeTitle \">2019.04.14 M\u00e9lusine_Paris_2019_ (53)<\/div><div class=\"wpapeIcons\"><i class=\"fa fa-search wpapeZoomIcon \" ><\/i><\/div><\/div><\/div><\/div><div class=\"wpape-img category7202\" ><div class=\"wpape-img-image  wpape-lightbox\"  ><div data-thumbnail=\"https:\/\/www.lesgarszellesfontenoises.fr\/wp-content\/uploads\/2019\/04\/2019.04.14-Melusine_Paris_2019_-54-225x300.jpg\" title=\"2019.04.14 M\u00e9lusine_Paris_2019_ (54)\" data-width=\"225\" data-height=\"300\" ><\/div><div data-popup=\"https:\/\/www.lesgarszellesfontenoises.fr\/wp-content\/uploads\/2019\/04\/2019.04.14-Melusine_Paris_2019_-54.jpg\"  title=\"2019.04.14 M\u00e9lusine_Paris_2019_ (54)\"><\/div><div class=\"thumbnail-overlay\"><div class=\"wpapeTitle \">2019.04.14 M\u00e9lusine_Paris_2019_ (54)<\/div><div class=\"wpapeIcons\"><i class=\"fa fa-search wpapeZoomIcon \" ><\/i><\/div><\/div><\/div><\/div><div class=\"wpape-img category7202\" ><div class=\"wpape-img-image  wpape-lightbox\"  ><div data-thumbnail=\"https:\/\/www.lesgarszellesfontenoises.fr\/wp-content\/uploads\/2019\/04\/2019.04.14-Melusine_Paris_2019_-55-183x300.jpg\" title=\"2019.04.14 M\u00e9lusine_Paris_2019_ (55)\" data-width=\"183\" data-height=\"300\" ><\/div><div data-popup=\"https:\/\/www.lesgarszellesfontenoises.fr\/wp-content\/uploads\/2019\/04\/2019.04.14-Melusine_Paris_2019_-55.jpg\"  title=\"2019.04.14 M\u00e9lusine_Paris_2019_ (55)\"><\/div><div class=\"thumbnail-overlay\"><div class=\"wpapeTitle \">2019.04.14 M\u00e9lusine_Paris_2019_ (55)<\/div><div class=\"wpapeIcons\"><i class=\"fa fa-search wpapeZoomIcon \" ><\/i><\/div><\/div><\/div><\/div><div class=\"wpape-img category7202\" ><div class=\"wpape-img-image  wpape-lightbox\"  ><div data-thumbnail=\"https:\/\/www.lesgarszellesfontenoises.fr\/wp-content\/uploads\/2019\/04\/2019.04.14-Melusine_Paris_2019_-56-225x300.jpg\" title=\"2019.04.14 M\u00e9lusine_Paris_2019_ (56)\" data-width=\"225\" data-height=\"300\" ><\/div><div data-popup=\"https:\/\/www.lesgarszellesfontenoises.fr\/wp-content\/uploads\/2019\/04\/2019.04.14-Melusine_Paris_2019_-56.jpg\"  title=\"2019.04.14 M\u00e9lusine_Paris_2019_ (56)\"><\/div><div class=\"thumbnail-overlay\"><div class=\"wpapeTitle \">2019.04.14 M\u00e9lusine_Paris_2019_ (56)<\/div><div class=\"wpapeIcons\"><i class=\"fa fa-search wpapeZoomIcon \" ><\/i><\/div><\/div><\/div><\/div><div class=\"wpape-img category7202\" ><div class=\"wpape-img-image  wpape-lightbox\"  ><div data-thumbnail=\"https:\/\/www.lesgarszellesfontenoises.fr\/wp-content\/uploads\/2019\/04\/2019.04.14-Melusine_Paris_2019_-57-225x300.jpg\" title=\"2019.04.14 M\u00e9lusine_Paris_2019_ (57)\" data-width=\"225\" data-height=\"300\" ><\/div><div data-popup=\"https:\/\/www.lesgarszellesfontenoises.fr\/wp-content\/uploads\/2019\/04\/2019.04.14-Melusine_Paris_2019_-57.jpg\"  title=\"2019.04.14 M\u00e9lusine_Paris_2019_ (57)\"><\/div><div class=\"thumbnail-overlay\"><div class=\"wpapeTitle \">2019.04.14 M\u00e9lusine_Paris_2019_ (57)<\/div><div class=\"wpapeIcons\"><i class=\"fa fa-search wpapeZoomIcon \" ><\/i><\/div><\/div><\/div><\/div><div class=\"wpape-img category7202\" ><div class=\"wpape-img-image  wpape-lightbox\"  ><div data-thumbnail=\"https:\/\/www.lesgarszellesfontenoises.fr\/wp-content\/uploads\/2019\/04\/2019.04.14-Melusine_Paris_2019_-58-225x300.jpg\" title=\"2019.04.14 M\u00e9lusine_Paris_2019_ (58)\" data-width=\"225\" data-height=\"300\" ><\/div><div data-popup=\"https:\/\/www.lesgarszellesfontenoises.fr\/wp-content\/uploads\/2019\/04\/2019.04.14-Melusine_Paris_2019_-58.jpg\"  title=\"2019.04.14 M\u00e9lusine_Paris_2019_ (58)\"><\/div><div class=\"thumbnail-overlay\"><div class=\"wpapeTitle \">2019.04.14 M\u00e9lusine_Paris_2019_ (58)<\/div><div class=\"wpapeIcons\"><i class=\"fa fa-search wpapeZoomIcon \" ><\/i><\/div><\/div><\/div><\/div><div class=\"wpape-img category7202\" ><div class=\"wpape-img-image  wpape-lightbox\"  ><div data-thumbnail=\"https:\/\/www.lesgarszellesfontenoises.fr\/wp-content\/uploads\/2019\/04\/2019.04.14-Melusine_Paris_2019_-59-225x300.jpg\" title=\"2019.04.14 M\u00e9lusine_Paris_2019_ (59)\" data-width=\"225\" data-height=\"300\" ><\/div><div data-popup=\"https:\/\/www.lesgarszellesfontenoises.fr\/wp-content\/uploads\/2019\/04\/2019.04.14-Melusine_Paris_2019_-59.jpg\"  title=\"2019.04.14 M\u00e9lusine_Paris_2019_ (59)\"><\/div><div class=\"thumbnail-overlay\"><div class=\"wpapeTitle \">2019.04.14 M\u00e9lusine_Paris_2019_ (59)<\/div><div class=\"wpapeIcons\"><i class=\"fa fa-search wpapeZoomIcon \" ><\/i><\/div><\/div><\/div><\/div><div class=\"wpape-img category7202\" ><div class=\"wpape-img-image  wpape-lightbox\"  ><div data-thumbnail=\"https:\/\/www.lesgarszellesfontenoises.fr\/wp-content\/uploads\/2019\/04\/2019.04.14-Melusine_Paris_2019_-60-300x225.jpg\" title=\"2019.04.14 M\u00e9lusine_Paris_2019_ (60)\" data-width=\"300\" data-height=\"225\" ><\/div><div data-popup=\"https:\/\/www.lesgarszellesfontenoises.fr\/wp-content\/uploads\/2019\/04\/2019.04.14-Melusine_Paris_2019_-60.jpg\"  title=\"2019.04.14 M\u00e9lusine_Paris_2019_ (60)\"><\/div><div class=\"thumbnail-overlay\"><div class=\"wpapeTitle \">2019.04.14 M\u00e9lusine_Paris_2019_ (60)<\/div><div class=\"wpapeIcons\"><i class=\"fa fa-search wpapeZoomIcon \" ><\/i><\/div><\/div><\/div><\/div><div class=\"wpape-img category7202\" ><div class=\"wpape-img-image  wpape-lightbox\"  ><div data-thumbnail=\"https:\/\/www.lesgarszellesfontenoises.fr\/wp-content\/uploads\/2019\/04\/2019.04.14-Melusine_Paris_2019_-61-225x300.jpg\" title=\"2019.04.14 M\u00e9lusine_Paris_2019_ (61)\" data-width=\"225\" data-height=\"300\" ><\/div><div data-popup=\"https:\/\/www.lesgarszellesfontenoises.fr\/wp-content\/uploads\/2019\/04\/2019.04.14-Melusine_Paris_2019_-61.jpg\"  title=\"2019.04.14 M\u00e9lusine_Paris_2019_ (61)\"><\/div><div class=\"thumbnail-overlay\"><div class=\"wpapeTitle \">2019.04.14 M\u00e9lusine_Paris_2019_ (61)<\/div><div class=\"wpapeIcons\"><i class=\"fa fa-search wpapeZoomIcon \" ><\/i><\/div><\/div><\/div><\/div><div class=\"wpape-img category7202\" ><div class=\"wpape-img-image  wpape-lightbox\"  ><div data-thumbnail=\"https:\/\/www.lesgarszellesfontenoises.fr\/wp-content\/uploads\/2019\/04\/2019.04.14-Melusine_Paris_2019_-62-300x200.jpg\" title=\"2019.04.14 M\u00e9lusine_Paris_2019_ (62)\" data-width=\"300\" data-height=\"200\" ><\/div><div data-popup=\"https:\/\/www.lesgarszellesfontenoises.fr\/wp-content\/uploads\/2019\/04\/2019.04.14-Melusine_Paris_2019_-62.jpg\"  title=\"2019.04.14 M\u00e9lusine_Paris_2019_ (62)\"><\/div><div class=\"thumbnail-overlay\"><div class=\"wpapeTitle \">2019.04.14 M\u00e9lusine_Paris_2019_ (62)<\/div><div class=\"wpapeIcons\"><i class=\"fa fa-search wpapeZoomIcon \" ><\/i><\/div><\/div><\/div><\/div><div class=\"wpape-img category7202\" ><div class=\"wpape-img-image  wpape-lightbox\"  ><div data-thumbnail=\"https:\/\/www.lesgarszellesfontenoises.fr\/wp-content\/uploads\/2019\/04\/2019.04.14-Melusine_Paris_2019_-63-300x200.jpg\" title=\"2019.04.14 M\u00e9lusine_Paris_2019_ (63)\" data-width=\"300\" data-height=\"200\" ><\/div><div data-popup=\"https:\/\/www.lesgarszellesfontenoises.fr\/wp-content\/uploads\/2019\/04\/2019.04.14-Melusine_Paris_2019_-63.jpg\"  title=\"2019.04.14 M\u00e9lusine_Paris_2019_ (63)\"><\/div><div class=\"thumbnail-overlay\"><div class=\"wpapeTitle \">2019.04.14 M\u00e9lusine_Paris_2019_ (63)<\/div><div class=\"wpapeIcons\"><i class=\"fa fa-search wpapeZoomIcon \" ><\/i><\/div><\/div><\/div><\/div><div class=\"wpape-img category7202\" ><div class=\"wpape-img-image  wpape-lightbox\"  ><div data-thumbnail=\"https:\/\/www.lesgarszellesfontenoises.fr\/wp-content\/uploads\/2019\/04\/2019.04.14-Melusine_Paris_2019_-64-300x200.jpg\" title=\"2019.04.14 M\u00e9lusine_Paris_2019_ (64)\" data-width=\"300\" data-height=\"200\" ><\/div><div data-popup=\"https:\/\/www.lesgarszellesfontenoises.fr\/wp-content\/uploads\/2019\/04\/2019.04.14-Melusine_Paris_2019_-64.jpg\"  title=\"2019.04.14 M\u00e9lusine_Paris_2019_ (64)\"><\/div><div class=\"thumbnail-overlay\"><div class=\"wpapeTitle \">2019.04.14 M\u00e9lusine_Paris_2019_ (64)<\/div><div class=\"wpapeIcons\"><i class=\"fa fa-search wpapeZoomIcon \" ><\/i><\/div><\/div><\/div><\/div><div class=\"wpape-img category7202\" ><div class=\"wpape-img-image  wpape-lightbox\"  ><div data-thumbnail=\"https:\/\/www.lesgarszellesfontenoises.fr\/wp-content\/uploads\/2019\/04\/2019.04.14-Melusine_Paris_2019_-65-300x200.jpg\" title=\"2019.04.14 M\u00e9lusine_Paris_2019_ (65)\" data-width=\"300\" data-height=\"200\" ><\/div><div data-popup=\"https:\/\/www.lesgarszellesfontenoises.fr\/wp-content\/uploads\/2019\/04\/2019.04.14-Melusine_Paris_2019_-65.jpg\"  title=\"2019.04.14 M\u00e9lusine_Paris_2019_ (65)\"><\/div><div class=\"thumbnail-overlay\"><div class=\"wpapeTitle \">2019.04.14 M\u00e9lusine_Paris_2019_ (65)<\/div><div class=\"wpapeIcons\"><i class=\"fa fa-search wpapeZoomIcon \" ><\/i><\/div><\/div><\/div><\/div><div class=\"wpape-img category7202\" ><div class=\"wpape-img-image  wpape-lightbox\"  ><div data-thumbnail=\"https:\/\/www.lesgarszellesfontenoises.fr\/wp-content\/uploads\/2019\/04\/2019.04.14-Melusine_Paris_2019_-66-300x200.jpg\" title=\"2019.04.14 M\u00e9lusine_Paris_2019_ (66)\" data-width=\"300\" data-height=\"200\" ><\/div><div data-popup=\"https:\/\/www.lesgarszellesfontenoises.fr\/wp-content\/uploads\/2019\/04\/2019.04.14-Melusine_Paris_2019_-66.jpg\"  title=\"2019.04.14 M\u00e9lusine_Paris_2019_ (66)\"><\/div><div class=\"thumbnail-overlay\"><div class=\"wpapeTitle \">2019.04.14 M\u00e9lusine_Paris_2019_ (66)<\/div><div class=\"wpapeIcons\"><i class=\"fa fa-search wpapeZoomIcon \" ><\/i><\/div><\/div><\/div><\/div><div class=\"wpape-img category7202\" ><div class=\"wpape-img-image  wpape-lightbox\"  ><div data-thumbnail=\"https:\/\/www.lesgarszellesfontenoises.fr\/wp-content\/uploads\/2019\/04\/2019.04.14-Melusine_Paris_2019_-67-300x200.jpg\" title=\"2019.04.14 M\u00e9lusine_Paris_2019_ (67)\" data-width=\"300\" data-height=\"200\" ><\/div><div data-popup=\"https:\/\/www.lesgarszellesfontenoises.fr\/wp-content\/uploads\/2019\/04\/2019.04.14-Melusine_Paris_2019_-67.jpg\"  title=\"2019.04.14 M\u00e9lusine_Paris_2019_ (67)\"><\/div><div class=\"thumbnail-overlay\"><div class=\"wpapeTitle \">2019.04.14 M\u00e9lusine_Paris_2019_ (67)<\/div><div class=\"wpapeIcons\"><i class=\"fa fa-search wpapeZoomIcon \" ><\/i><\/div><\/div><\/div><\/div><div class=\"wpape-img category7202\" ><div class=\"wpape-img-image  wpape-lightbox\"  ><div data-thumbnail=\"https:\/\/www.lesgarszellesfontenoises.fr\/wp-content\/uploads\/2019\/04\/2019.04.14-Melusine_Paris_2019_-68-300x200.jpg\" title=\"2019.04.14 M\u00e9lusine_Paris_2019_ (68)\" data-width=\"300\" data-height=\"200\" ><\/div><div data-popup=\"https:\/\/www.lesgarszellesfontenoises.fr\/wp-content\/uploads\/2019\/04\/2019.04.14-Melusine_Paris_2019_-68.jpg\"  title=\"2019.04.14 M\u00e9lusine_Paris_2019_ (68)\"><\/div><div class=\"thumbnail-overlay\"><div class=\"wpapeTitle \">2019.04.14 M\u00e9lusine_Paris_2019_ (68)<\/div><div class=\"wpapeIcons\"><i class=\"fa fa-search wpapeZoomIcon \" ><\/i><\/div><\/div><\/div><\/div><div class=\"wpape-img category7202\" ><div class=\"wpape-img-image  wpape-lightbox\"  ><div data-thumbnail=\"https:\/\/www.lesgarszellesfontenoises.fr\/wp-content\/uploads\/2019\/04\/2019.04.14-Melusine_Paris_2019_-69-300x200.jpg\" title=\"2019.04.14 M\u00e9lusine_Paris_2019_ (69)\" data-width=\"300\" data-height=\"200\" ><\/div><div data-popup=\"https:\/\/www.lesgarszellesfontenoises.fr\/wp-content\/uploads\/2019\/04\/2019.04.14-Melusine_Paris_2019_-69.jpg\"  title=\"2019.04.14 M\u00e9lusine_Paris_2019_ (69)\"><\/div><div class=\"thumbnail-overlay\"><div class=\"wpapeTitle \">2019.04.14 M\u00e9lusine_Paris_2019_ (69)<\/div><div class=\"wpapeIcons\"><i class=\"fa fa-search wpapeZoomIcon \" ><\/i><\/div><\/div><\/div><\/div><div class=\"wpape-img category7202\" ><div class=\"wpape-img-image  wpape-lightbox\"  ><div data-thumbnail=\"https:\/\/www.lesgarszellesfontenoises.fr\/wp-content\/uploads\/2019\/04\/2019.04.14-Melusine_Paris_2019_-70-300x200.jpg\" title=\"2019.04.14 M\u00e9lusine_Paris_2019_ (70)\" data-width=\"300\" data-height=\"200\" ><\/div><div data-popup=\"https:\/\/www.lesgarszellesfontenoises.fr\/wp-content\/uploads\/2019\/04\/2019.04.14-Melusine_Paris_2019_-70.jpg\"  title=\"2019.04.14 M\u00e9lusine_Paris_2019_ (70)\"><\/div><div class=\"thumbnail-overlay\"><div class=\"wpapeTitle \">2019.04.14 M\u00e9lusine_Paris_2019_ (70)<\/div><div class=\"wpapeIcons\"><i class=\"fa fa-search wpapeZoomIcon \" ><\/i><\/div><\/div><\/div><\/div><div class=\"wpape-img category7202\" ><div class=\"wpape-img-image  wpape-lightbox\"  ><div data-thumbnail=\"https:\/\/www.lesgarszellesfontenoises.fr\/wp-content\/uploads\/2019\/04\/2019.04.14-Melusine_Paris_2019_-71-300x200.jpg\" title=\"2019.04.14 M\u00e9lusine_Paris_2019_ (71)\" data-width=\"300\" data-height=\"200\" ><\/div><div data-popup=\"https:\/\/www.lesgarszellesfontenoises.fr\/wp-content\/uploads\/2019\/04\/2019.04.14-Melusine_Paris_2019_-71.jpg\"  title=\"2019.04.14 M\u00e9lusine_Paris_2019_ (71)\"><\/div><div class=\"thumbnail-overlay\"><div class=\"wpapeTitle \">2019.04.14 M\u00e9lusine_Paris_2019_ (71)<\/div><div class=\"wpapeIcons\"><i class=\"fa fa-search wpapeZoomIcon \" ><\/i><\/div><\/div><\/div><\/div><div class=\"wpape-img category7202\" ><div class=\"wpape-img-image  wpape-lightbox\"  ><div data-thumbnail=\"https:\/\/www.lesgarszellesfontenoises.fr\/wp-content\/uploads\/2019\/04\/2019.04.14-Melusine_Paris_2019_-72-300x200.jpg\" title=\"2019.04.14 M\u00e9lusine_Paris_2019_ (72)\" data-width=\"300\" data-height=\"200\" ><\/div><div data-popup=\"https:\/\/www.lesgarszellesfontenoises.fr\/wp-content\/uploads\/2019\/04\/2019.04.14-Melusine_Paris_2019_-72.jpg\"  title=\"2019.04.14 M\u00e9lusine_Paris_2019_ (72)\"><\/div><div class=\"thumbnail-overlay\"><div class=\"wpapeTitle \">2019.04.14 M\u00e9lusine_Paris_2019_ (72)<\/div><div class=\"wpapeIcons\"><i class=\"fa fa-search wpapeZoomIcon \" ><\/i><\/div><\/div><\/div><\/div><div class=\"wpape-img category7202\" ><div class=\"wpape-img-image  wpape-lightbox\"  ><div data-thumbnail=\"https:\/\/www.lesgarszellesfontenoises.fr\/wp-content\/uploads\/2019\/04\/2019.04.14-Melusine_Paris_2019_-73-300x200.jpg\" title=\"2019.04.14 M\u00e9lusine_Paris_2019_ (73)\" data-width=\"300\" data-height=\"200\" ><\/div><div data-popup=\"https:\/\/www.lesgarszellesfontenoises.fr\/wp-content\/uploads\/2019\/04\/2019.04.14-Melusine_Paris_2019_-73.jpg\"  title=\"2019.04.14 M\u00e9lusine_Paris_2019_ (73)\"><\/div><div class=\"thumbnail-overlay\"><div class=\"wpapeTitle \">2019.04.14 M\u00e9lusine_Paris_2019_ (73)<\/div><div class=\"wpapeIcons\"><i class=\"fa fa-search wpapeZoomIcon \" ><\/i><\/div><\/div><\/div><\/div><div class=\"wpape-img category7202\" ><div class=\"wpape-img-image  wpape-lightbox\"  ><div data-thumbnail=\"https:\/\/www.lesgarszellesfontenoises.fr\/wp-content\/uploads\/2019\/04\/2019.04.14-Melusine_Paris_2019_-74-300x200.jpg\" title=\"2019.04.14 M\u00e9lusine_Paris_2019_ (74)\" data-width=\"300\" data-height=\"200\" ><\/div><div data-popup=\"https:\/\/www.lesgarszellesfontenoises.fr\/wp-content\/uploads\/2019\/04\/2019.04.14-Melusine_Paris_2019_-74.jpg\"  title=\"2019.04.14 M\u00e9lusine_Paris_2019_ (74)\"><\/div><div class=\"thumbnail-overlay\"><div class=\"wpapeTitle \">2019.04.14 M\u00e9lusine_Paris_2019_ (74)<\/div><div class=\"wpapeIcons\"><i class=\"fa fa-search wpapeZoomIcon \" ><\/i><\/div><\/div><\/div><\/div><div class=\"wpape-img category7202\" ><div class=\"wpape-img-image  wpape-lightbox\"  ><div data-thumbnail=\"https:\/\/www.lesgarszellesfontenoises.fr\/wp-content\/uploads\/2019\/04\/2019.04.14-Melusine_Paris_2019_-75-300x200.jpg\" title=\"2019.04.14 M\u00e9lusine_Paris_2019_ (75)\" data-width=\"300\" data-height=\"200\" ><\/div><div data-popup=\"https:\/\/www.lesgarszellesfontenoises.fr\/wp-content\/uploads\/2019\/04\/2019.04.14-Melusine_Paris_2019_-75.jpg\"  title=\"2019.04.14 M\u00e9lusine_Paris_2019_ (75)\"><\/div><div class=\"thumbnail-overlay\"><div class=\"wpapeTitle \">2019.04.14 M\u00e9lusine_Paris_2019_ (75)<\/div><div class=\"wpapeIcons\"><i class=\"fa fa-search wpapeZoomIcon \" ><\/i><\/div><\/div><\/div><\/div><div class=\"wpape-img category7202\" ><div class=\"wpape-img-image  wpape-lightbox\"  ><div data-thumbnail=\"https:\/\/www.lesgarszellesfontenoises.fr\/wp-content\/uploads\/2019\/04\/2019.04.14-Melusine_Paris_2019_-76-300x200.jpg\" title=\"2019.04.14 M\u00e9lusine_Paris_2019_ (76)\" data-width=\"300\" data-height=\"200\" ><\/div><div data-popup=\"https:\/\/www.lesgarszellesfontenoises.fr\/wp-content\/uploads\/2019\/04\/2019.04.14-Melusine_Paris_2019_-76.jpg\"  title=\"2019.04.14 M\u00e9lusine_Paris_2019_ (76)\"><\/div><div class=\"thumbnail-overlay\"><div class=\"wpapeTitle \">2019.04.14 M\u00e9lusine_Paris_2019_ (76)<\/div><div class=\"wpapeIcons\"><i class=\"fa fa-search wpapeZoomIcon \" ><\/i><\/div><\/div><\/div><\/div><div class=\"wpape-img category7202\" ><div class=\"wpape-img-image  wpape-lightbox\"  ><div data-thumbnail=\"https:\/\/www.lesgarszellesfontenoises.fr\/wp-content\/uploads\/2019\/04\/2019.04.14-Melusine_Paris_2019_-77-300x200.jpg\" title=\"2019.04.14 M\u00e9lusine_Paris_2019_ (77)\" data-width=\"300\" data-height=\"200\" ><\/div><div data-popup=\"https:\/\/www.lesgarszellesfontenoises.fr\/wp-content\/uploads\/2019\/04\/2019.04.14-Melusine_Paris_2019_-77.jpg\"  title=\"2019.04.14 M\u00e9lusine_Paris_2019_ (77)\"><\/div><div class=\"thumbnail-overlay\"><div class=\"wpapeTitle \">2019.04.14 M\u00e9lusine_Paris_2019_ (77)<\/div><div class=\"wpapeIcons\"><i class=\"fa fa-search wpapeZoomIcon \" ><\/i><\/div><\/div><\/div><\/div><div class=\"wpape-img category7202\" ><div class=\"wpape-img-image  wpape-lightbox\"  ><div data-thumbnail=\"https:\/\/www.lesgarszellesfontenoises.fr\/wp-content\/uploads\/2019\/04\/2019.04.14-Melusine_Paris_2019_-78-300x200.jpg\" title=\"2019.04.14 M\u00e9lusine_Paris_2019_ (78)\" data-width=\"300\" data-height=\"200\" ><\/div><div data-popup=\"https:\/\/www.lesgarszellesfontenoises.fr\/wp-content\/uploads\/2019\/04\/2019.04.14-Melusine_Paris_2019_-78.jpg\"  title=\"2019.04.14 M\u00e9lusine_Paris_2019_ (78)\"><\/div><div class=\"thumbnail-overlay\"><div class=\"wpapeTitle \">2019.04.14 M\u00e9lusine_Paris_2019_ (78)<\/div><div class=\"wpapeIcons\"><i class=\"fa fa-search wpapeZoomIcon \" ><\/i><\/div><\/div><\/div><\/div><div class=\"wpape-img category7202\" ><div class=\"wpape-img-image  wpape-lightbox\"  ><div data-thumbnail=\"https:\/\/www.lesgarszellesfontenoises.fr\/wp-content\/uploads\/2019\/04\/2019.04.14-Melusine_Paris_2019_-79-300x200.jpg\" title=\"2019.04.14 M\u00e9lusine_Paris_2019_ (79)\" data-width=\"300\" data-height=\"200\" ><\/div><div data-popup=\"https:\/\/www.lesgarszellesfontenoises.fr\/wp-content\/uploads\/2019\/04\/2019.04.14-Melusine_Paris_2019_-79.jpg\"  title=\"2019.04.14 M\u00e9lusine_Paris_2019_ (79)\"><\/div><div class=\"thumbnail-overlay\"><div class=\"wpapeTitle \">2019.04.14 M\u00e9lusine_Paris_2019_ (79)<\/div><div class=\"wpapeIcons\"><i class=\"fa fa-search wpapeZoomIcon \" ><\/i><\/div><\/div><\/div><\/div><div class=\"wpape-img category7202\" ><div class=\"wpape-img-image  wpape-lightbox\"  ><div data-thumbnail=\"https:\/\/www.lesgarszellesfontenoises.fr\/wp-content\/uploads\/2019\/04\/2019.04.14-Melusine_Paris_2019_-80-300x200.jpg\" title=\"2019.04.14 M\u00e9lusine_Paris_2019_ (80)\" data-width=\"300\" data-height=\"200\" ><\/div><div data-popup=\"https:\/\/www.lesgarszellesfontenoises.fr\/wp-content\/uploads\/2019\/04\/2019.04.14-Melusine_Paris_2019_-80.jpg\"  title=\"2019.04.14 M\u00e9lusine_Paris_2019_ (80)\"><\/div><div class=\"thumbnail-overlay\"><div class=\"wpapeTitle \">2019.04.14 M\u00e9lusine_Paris_2019_ (80)<\/div><div class=\"wpapeIcons\"><i class=\"fa fa-search wpapeZoomIcon \" ><\/i><\/div><\/div><\/div><\/div><div class=\"wpape-img category7202\" ><div class=\"wpape-img-image  wpape-lightbox\"  ><div data-thumbnail=\"https:\/\/www.lesgarszellesfontenoises.fr\/wp-content\/uploads\/2019\/04\/2019.04.14-Melusine_Paris_2019_-81-300x200.jpg\" title=\"2019.04.14 M\u00e9lusine_Paris_2019_ (81)\" data-width=\"300\" data-height=\"200\" ><\/div><div data-popup=\"https:\/\/www.lesgarszellesfontenoises.fr\/wp-content\/uploads\/2019\/04\/2019.04.14-Melusine_Paris_2019_-81.jpg\"  title=\"2019.04.14 M\u00e9lusine_Paris_2019_ (81)\"><\/div><div class=\"thumbnail-overlay\"><div class=\"wpapeTitle \">2019.04.14 M\u00e9lusine_Paris_2019_ (81)<\/div><div class=\"wpapeIcons\"><i class=\"fa fa-search wpapeZoomIcon \" ><\/i><\/div><\/div><\/div><\/div><div class=\"wpape-img category7202\" ><div class=\"wpape-img-image  wpape-lightbox\"  ><div data-thumbnail=\"https:\/\/www.lesgarszellesfontenoises.fr\/wp-content\/uploads\/2019\/04\/2019.04.14-Melusine_Paris_2019_-82-300x200.jpg\" title=\"2019.04.14 M\u00e9lusine_Paris_2019_ (82)\" data-width=\"300\" data-height=\"200\" ><\/div><div data-popup=\"https:\/\/www.lesgarszellesfontenoises.fr\/wp-content\/uploads\/2019\/04\/2019.04.14-Melusine_Paris_2019_-82.jpg\"  title=\"2019.04.14 M\u00e9lusine_Paris_2019_ (82)\"><\/div><div class=\"thumbnail-overlay\"><div class=\"wpapeTitle \">2019.04.14 M\u00e9lusine_Paris_2019_ (82)<\/div><div class=\"wpapeIcons\"><i class=\"fa fa-search wpapeZoomIcon \" ><\/i><\/div><\/div><\/div><\/div><div class=\"wpape-img category7202\" ><div class=\"wpape-img-image  wpape-lightbox\"  ><div data-thumbnail=\"https:\/\/www.lesgarszellesfontenoises.fr\/wp-content\/uploads\/2019\/04\/2019.04.14-Melusine_Paris_2019_-83-300x243.jpg\" title=\"2019.04.14 M\u00e9lusine_Paris_2019_ (83)\" data-width=\"300\" data-height=\"243\" ><\/div><div data-popup=\"https:\/\/www.lesgarszellesfontenoises.fr\/wp-content\/uploads\/2019\/04\/2019.04.14-Melusine_Paris_2019_-83.jpg\"  title=\"2019.04.14 M\u00e9lusine_Paris_2019_ (83)\"><\/div><div class=\"thumbnail-overlay\"><div class=\"wpapeTitle \">2019.04.14 M\u00e9lusine_Paris_2019_ (83)<\/div><div class=\"wpapeIcons\"><i class=\"fa fa-search wpapeZoomIcon \" ><\/i><\/div><\/div><\/div><\/div><div class=\"wpape-img category7202\" ><div class=\"wpape-img-image  wpape-lightbox\"  ><div data-thumbnail=\"https:\/\/www.lesgarszellesfontenoises.fr\/wp-content\/uploads\/2019\/04\/2019.04.14-Melusine_Paris_2019_-84-225x300.jpg\" title=\"2019.04.14 M\u00e9lusine_Paris_2019_ (84)\" data-width=\"225\" data-height=\"300\" ><\/div><div data-popup=\"https:\/\/www.lesgarszellesfontenoises.fr\/wp-content\/uploads\/2019\/04\/2019.04.14-Melusine_Paris_2019_-84.jpg\"  title=\"2019.04.14 M\u00e9lusine_Paris_2019_ (84)\"><\/div><div class=\"thumbnail-overlay\"><div class=\"wpapeTitle \">2019.04.14 M\u00e9lusine_Paris_2019_ (84)<\/div><div class=\"wpapeIcons\"><i class=\"fa fa-search wpapeZoomIcon \" ><\/i><\/div><\/div><\/div><\/div><div class=\"wpape-img category7202\" ><div class=\"wpape-img-image  wpape-lightbox\"  ><div data-thumbnail=\"https:\/\/www.lesgarszellesfontenoises.fr\/wp-content\/uploads\/2019\/04\/2019.04.14-Melusine_Paris_2019_-85-225x300.jpg\" title=\"2019.04.14 M\u00e9lusine_Paris_2019_ (85)\" data-width=\"225\" data-height=\"300\" ><\/div><div data-popup=\"https:\/\/www.lesgarszellesfontenoises.fr\/wp-content\/uploads\/2019\/04\/2019.04.14-Melusine_Paris_2019_-85.jpg\"  title=\"2019.04.14 M\u00e9lusine_Paris_2019_ (85)\"><\/div><div class=\"thumbnail-overlay\"><div class=\"wpapeTitle \">2019.04.14 M\u00e9lusine_Paris_2019_ (85)<\/div><div class=\"wpapeIcons\"><i class=\"fa fa-search wpapeZoomIcon \" ><\/i><\/div><\/div><\/div><\/div><div class=\"wpape-img category7202\" ><div class=\"wpape-img-image  wpape-lightbox\"  ><div data-thumbnail=\"https:\/\/www.lesgarszellesfontenoises.fr\/wp-content\/uploads\/2019\/04\/2019.04.14-Melusine_Paris_2019_-86-225x300.jpg\" title=\"2019.04.14 M\u00e9lusine_Paris_2019_ (86)\" data-width=\"225\" data-height=\"300\" ><\/div><div data-popup=\"https:\/\/www.lesgarszellesfontenoises.fr\/wp-content\/uploads\/2019\/04\/2019.04.14-Melusine_Paris_2019_-86.jpg\"  title=\"2019.04.14 M\u00e9lusine_Paris_2019_ (86)\"><\/div><div class=\"thumbnail-overlay\"><div class=\"wpapeTitle \">2019.04.14 M\u00e9lusine_Paris_2019_ (86)<\/div><div class=\"wpapeIcons\"><i class=\"fa fa-search wpapeZoomIcon \" ><\/i><\/div><\/div><\/div><\/div><div class=\"wpape-img category7202\" ><div class=\"wpape-img-image  wpape-lightbox\"  ><div data-thumbnail=\"https:\/\/www.lesgarszellesfontenoises.fr\/wp-content\/uploads\/2019\/04\/2019.04.14-Melusine_Paris_2019_-87-300x169.jpg\" title=\"2019.04.14 M\u00e9lusine_Paris_2019_ (87)\" data-width=\"300\" data-height=\"169\" ><\/div><div data-popup=\"https:\/\/www.lesgarszellesfontenoises.fr\/wp-content\/uploads\/2019\/04\/2019.04.14-Melusine_Paris_2019_-87-scaled.jpg\"  title=\"2019.04.14 M\u00e9lusine_Paris_2019_ (87)\"><\/div><div class=\"thumbnail-overlay\"><div class=\"wpapeTitle \">2019.04.14 M\u00e9lusine_Paris_2019_ (87)<\/div><div class=\"wpapeIcons\"><i class=\"fa fa-search wpapeZoomIcon \" ><\/i><\/div><\/div><\/div><\/div><div class=\"wpape-img category7202\" ><div class=\"wpape-img-image  wpape-lightbox\"  ><div data-thumbnail=\"https:\/\/www.lesgarszellesfontenoises.fr\/wp-content\/uploads\/2019\/04\/2019.04.14-Melusine_Paris_2019_-88-300x169.jpg\" title=\"2019.04.14 M\u00e9lusine_Paris_2019_ (88)\" data-width=\"300\" data-height=\"169\" ><\/div><div data-popup=\"https:\/\/www.lesgarszellesfontenoises.fr\/wp-content\/uploads\/2019\/04\/2019.04.14-Melusine_Paris_2019_-88-scaled.jpg\"  title=\"2019.04.14 M\u00e9lusine_Paris_2019_ (88)\"><\/div><div class=\"thumbnail-overlay\"><div class=\"wpapeTitle \">2019.04.14 M\u00e9lusine_Paris_2019_ (88)<\/div><div class=\"wpapeIcons\"><i class=\"fa fa-search wpapeZoomIcon \" ><\/i><\/div><\/div><\/div><\/div><div class=\"wpape-img category7202\" ><div class=\"wpape-img-image  wpape-lightbox\"  ><div data-thumbnail=\"https:\/\/www.lesgarszellesfontenoises.fr\/wp-content\/uploads\/2019\/04\/2019.04.14-Melusine_Paris_2019_-89-300x169.jpg\" title=\"2019.04.14 M\u00e9lusine_Paris_2019_ (89)\" data-width=\"300\" data-height=\"169\" ><\/div><div data-popup=\"https:\/\/www.lesgarszellesfontenoises.fr\/wp-content\/uploads\/2019\/04\/2019.04.14-Melusine_Paris_2019_-89-scaled.jpg\"  title=\"2019.04.14 M\u00e9lusine_Paris_2019_ (89)\"><\/div><div class=\"thumbnail-overlay\"><div class=\"wpapeTitle \">2019.04.14 M\u00e9lusine_Paris_2019_ (89)<\/div><div class=\"wpapeIcons\"><i class=\"fa fa-search wpapeZoomIcon \" ><\/i><\/div><\/div><\/div><\/div><div class=\"wpape-img category7202\" ><div class=\"wpape-img-image  wpape-lightbox\"  ><div data-thumbnail=\"https:\/\/www.lesgarszellesfontenoises.fr\/wp-content\/uploads\/2019\/04\/2019.04.14-Melusine_Paris_2019_-90-300x169.jpg\" title=\"2019.04.14 M\u00e9lusine_Paris_2019_ (90)\" data-width=\"300\" data-height=\"169\" ><\/div><div data-popup=\"https:\/\/www.lesgarszellesfontenoises.fr\/wp-content\/uploads\/2019\/04\/2019.04.14-Melusine_Paris_2019_-90-scaled.jpg\"  title=\"2019.04.14 M\u00e9lusine_Paris_2019_ (90)\"><\/div><div class=\"thumbnail-overlay\"><div class=\"wpapeTitle \">2019.04.14 M\u00e9lusine_Paris_2019_ (90)<\/div><div class=\"wpapeIcons\"><i class=\"fa fa-search wpapeZoomIcon \" ><\/i><\/div><\/div><\/div><\/div><div class=\"wpape-img category7202\" ><div class=\"wpape-img-image  wpape-lightbox\"  ><div data-thumbnail=\"https:\/\/www.lesgarszellesfontenoises.fr\/wp-content\/uploads\/2019\/04\/2019.04.14-Melusine_Paris_2019_-91-300x169.jpg\" title=\"2019.04.14 M\u00e9lusine_Paris_2019_ (91)\" data-width=\"300\" data-height=\"169\" ><\/div><div data-popup=\"https:\/\/www.lesgarszellesfontenoises.fr\/wp-content\/uploads\/2019\/04\/2019.04.14-Melusine_Paris_2019_-91-scaled.jpg\"  title=\"2019.04.14 M\u00e9lusine_Paris_2019_ (91)\"><\/div><div class=\"thumbnail-overlay\"><div class=\"wpapeTitle \">2019.04.14 M\u00e9lusine_Paris_2019_ (91)<\/div><div class=\"wpapeIcons\"><i class=\"fa fa-search wpapeZoomIcon \" ><\/i><\/div><\/div><\/div><\/div><div class=\"wpape-img category7202\" ><div class=\"wpape-img-image  wpape-lightbox\"  ><div data-thumbnail=\"https:\/\/www.lesgarszellesfontenoises.fr\/wp-content\/uploads\/2019\/04\/2019.04.14-Melusine_Paris_2019_-92-300x169.jpg\" title=\"2019.04.14 M\u00e9lusine_Paris_2019_ (92)\" data-width=\"300\" data-height=\"169\" ><\/div><div data-popup=\"https:\/\/www.lesgarszellesfontenoises.fr\/wp-content\/uploads\/2019\/04\/2019.04.14-Melusine_Paris_2019_-92-scaled.jpg\"  title=\"2019.04.14 M\u00e9lusine_Paris_2019_ (92)\"><\/div><div class=\"thumbnail-overlay\"><div class=\"wpapeTitle \">2019.04.14 M\u00e9lusine_Paris_2019_ (92)<\/div><div class=\"wpapeIcons\"><i class=\"fa fa-search wpapeZoomIcon \" ><\/i><\/div><\/div><\/div><\/div><div class=\"wpape-img category7202\" ><div class=\"wpape-img-image  wpape-lightbox\"  ><div data-thumbnail=\"https:\/\/www.lesgarszellesfontenoises.fr\/wp-content\/uploads\/2019\/04\/2019.04.14-Melusine_Paris_2019_-93-300x169.jpg\" title=\"2019.04.14 M\u00e9lusine_Paris_2019_ (93)\" data-width=\"300\" data-height=\"169\" ><\/div><div data-popup=\"https:\/\/www.lesgarszellesfontenoises.fr\/wp-content\/uploads\/2019\/04\/2019.04.14-Melusine_Paris_2019_-93-scaled.jpg\"  title=\"2019.04.14 M\u00e9lusine_Paris_2019_ (93)\"><\/div><div class=\"thumbnail-overlay\"><div class=\"wpapeTitle \">2019.04.14 M\u00e9lusine_Paris_2019_ (93)<\/div><div class=\"wpapeIcons\"><i class=\"fa fa-search wpapeZoomIcon \" ><\/i><\/div><\/div><\/div><\/div><div class=\"wpape-img category7202\" ><div class=\"wpape-img-image  wpape-lightbox\"  ><div data-thumbnail=\"https:\/\/www.lesgarszellesfontenoises.fr\/wp-content\/uploads\/2019\/04\/2019.04.14-Melusine_Paris_2019_-94-300x169.jpg\" title=\"2019.04.14 M\u00e9lusine_Paris_2019_ (94)\" data-width=\"300\" data-height=\"169\" ><\/div><div data-popup=\"https:\/\/www.lesgarszellesfontenoises.fr\/wp-content\/uploads\/2019\/04\/2019.04.14-Melusine_Paris_2019_-94-scaled.jpg\"  title=\"2019.04.14 M\u00e9lusine_Paris_2019_ (94)\"><\/div><div class=\"thumbnail-overlay\"><div class=\"wpapeTitle \">2019.04.14 M\u00e9lusine_Paris_2019_ (94)<\/div><div class=\"wpapeIcons\"><i class=\"fa fa-search wpapeZoomIcon \" ><\/i><\/div><\/div><\/div><\/div><div class=\"wpape-img category7202\" ><div class=\"wpape-img-image  wpape-lightbox\"  ><div data-thumbnail=\"https:\/\/www.lesgarszellesfontenoises.fr\/wp-content\/uploads\/2019\/04\/2019.04.14-Melusine_Paris_2019_-95-300x169.jpg\" title=\"2019.04.14 M\u00e9lusine_Paris_2019_ (95)\" data-width=\"300\" data-height=\"169\" ><\/div><div data-popup=\"https:\/\/www.lesgarszellesfontenoises.fr\/wp-content\/uploads\/2019\/04\/2019.04.14-Melusine_Paris_2019_-95-scaled.jpg\"  title=\"2019.04.14 M\u00e9lusine_Paris_2019_ (95)\"><\/div><div class=\"thumbnail-overlay\"><div class=\"wpapeTitle \">2019.04.14 M\u00e9lusine_Paris_2019_ (95)<\/div><div class=\"wpapeIcons\"><i class=\"fa fa-search wpapeZoomIcon \" ><\/i><\/div><\/div><\/div><\/div><div class=\"wpape-img category7202\" ><div class=\"wpape-img-image  wpape-lightbox\"  ><div data-thumbnail=\"https:\/\/www.lesgarszellesfontenoises.fr\/wp-content\/uploads\/2019\/04\/2019.04.14-Melusine_Paris_2019_-96-300x169.jpg\" title=\"2019.04.14 M\u00e9lusine_Paris_2019_ (96)\" data-width=\"300\" data-height=\"169\" ><\/div><div data-popup=\"https:\/\/www.lesgarszellesfontenoises.fr\/wp-content\/uploads\/2019\/04\/2019.04.14-Melusine_Paris_2019_-96-scaled.jpg\"  title=\"2019.04.14 M\u00e9lusine_Paris_2019_ (96)\"><\/div><div class=\"thumbnail-overlay\"><div class=\"wpapeTitle \">2019.04.14 M\u00e9lusine_Paris_2019_ (96)<\/div><div class=\"wpapeIcons\"><i class=\"fa fa-search wpapeZoomIcon \" ><\/i><\/div><\/div><\/div><\/div><div class=\"wpape-img category7202\" ><div class=\"wpape-img-image  wpape-lightbox\"  ><div data-thumbnail=\"https:\/\/www.lesgarszellesfontenoises.fr\/wp-content\/uploads\/2019\/04\/2019.04.14-Melusine_Paris_2019_-97-300x169.jpg\" title=\"2019.04.14 M\u00e9lusine_Paris_2019_ (97)\" data-width=\"300\" data-height=\"169\" ><\/div><div data-popup=\"https:\/\/www.lesgarszellesfontenoises.fr\/wp-content\/uploads\/2019\/04\/2019.04.14-Melusine_Paris_2019_-97-scaled.jpg\"  title=\"2019.04.14 M\u00e9lusine_Paris_2019_ (97)\"><\/div><div class=\"thumbnail-overlay\"><div class=\"wpapeTitle \">2019.04.14 M\u00e9lusine_Paris_2019_ (97)<\/div><div class=\"wpapeIcons\"><i class=\"fa fa-search wpapeZoomIcon \" ><\/i><\/div><\/div><\/div><\/div><\/div><\/div><script>var wpape_gallery_69f30812bb811 = {\"filterContainer\": \"#wpape_gallery_69f30812bb811filter\", \"touch\": 1, \"columns\": 3, \"columnWidth\": \"auto\", \"resolutions\": [ ,  , ], \"overlayEffect\": \"direction-aware-fade\", \"boxesToLoadStart\": \"9\", \"boxesToLoad\": \"6\", \"lazyLoad\": true, \"LoadingWord\": \"Gallery images loading\", \"loadMoreWord\": \"More images\", \"noMoreEntriesWord\": \"No images\", \"loadMoreClass\": \" apebtn apebtn-flat apebtn-primary \", \"horizontalSpaceBetweenBoxes\": 10, \"verticalSpaceBetweenBoxes\": 10}, wpape_gallery_69f30812bb811_css = \"body .mfp-ready.mfp-bg{background-color: rgba(11,11,11,0.8);}.mfp-container .mfp-arrow{display:none;}#wpape_gallery_69f30812bb811 .wpape-img-container{ -webkit-border-radius: 5px;-moz-border-radius: 5px;border-radius: 5px;}#wpape_gallery_69f30812bb811 .wpapeTitle{ font-size:12px; line-height:88%; color:#ffffff;}#wpape_gallery_69f30812bb811 .wpapeTitle:hover{color:#ffffff;}#wpape_gallery_69f30812bb811 .thumbnail-overlay{background:rgba(7,7,7,0.5);}#wpape_gallery_69f30812bb811 .wpapeZoomIcon{ font-size:22px; line-height:100%; color:#ffffff;background:rgba(0,0,0,0);}#wpape_gallery_69f30812bb811 .wpapeZoomIcon:hover{color:#ffffff;background:rgba(0,0,0,0);}#wpape_gallery_69f30812bb811 .image-with-dimensions{background-color: rgba(255,255,255,1);}body .mfp-title, body .mfp-counter{color: rgb(243,243,243);}\",apeGalleryDelay = 0; head = document.head || document.getElementsByTagName(\"head\")[0], style = document.createElement(\"style\"); style.type = \"text\/css\"; if (style.styleSheet) style.styleSheet.cssText = wpape_gallery_69f30812bb811_css; \telse  style.appendChild(document.createTextNode(wpape_gallery_69f30812bb811_css)); head.appendChild(style);<\/script>\n\n\n\n<p><\/p>\n","protected":false},"excerpt":{"rendered":"<p>Dimanche 14 avril, l\u2019actualit\u00e9 sportive de l\u2019association \u00e9tait d\u00e9localis\u00e9e sur les communes de Lusignan et Paris&nbsp;!!!!! En effet, dans le cadre de l\u2019\u00e9dition 2019 de la F\u00e9e M\u00e9lusine \u00e0 Lusignan, de nombreuses Gars\u2019Z\u2019Elles se sont align\u00e9es sur les diff\u00e9rents parcours propos\u00e9s par le Macc Lusignan. F\u00e9licitations \u00e0 toutes et \u00e0 tous et plus particuli\u00e8rement \u00e0 Orlane et Martine pour leur 1\u00e8re place respectives dans leur cat\u00e9gorie d\u2019\u00e2ge. Concernant le Marathon de Paris, Myl\u00e8ne, qui accompagnait sa fille pour son premier&#8230;<\/p>\n<p class=\"read-more\"><a class=\"btn btn-default\" href=\"https:\/\/www.lesgarszellesfontenoises.fr\/index.php\/2019\/04\/14\/trail-de-la-fee-melusine-et-marathon-de-paris-2019\/\">Lire la suite<span class=\"screen-reader-text\"> Lire la suite<\/span><\/a><\/p>\n","protected":false},"author":1,"featured_media":7255,"comment_status":"closed","ping_status":"open","sticky":false,"template":"","format":"standard","meta":{"_bbp_topic_count":0,"_bbp_reply_count":0,"_bbp_total_topic_count":0,"_bbp_total_reply_count":0,"_bbp_voice_count":0,"_bbp_anonymous_reply_count":0,"_bbp_topic_count_hidden":0,"_bbp_reply_count_hidden":0,"_bbp_forum_subforum_count":0,"footnotes":""},"categories":[5],"tags":[],"class_list":["post-7199","post","type-post","status-publish","format-standard","has-post-thumbnail","hentry","category-sorties-2019"],"_links":{"self":[{"href":"https:\/\/www.lesgarszellesfontenoises.fr\/index.php\/wp-json\/wp\/v2\/posts\/7199","targetHints":{"allow":["GET"]}}],"collection":[{"href":"https:\/\/www.lesgarszellesfontenoises.fr\/index.php\/wp-json\/wp\/v2\/posts"}],"about":[{"href":"https:\/\/www.lesgarszellesfontenoises.fr\/index.php\/wp-json\/wp\/v2\/types\/post"}],"author":[{"embeddable":true,"href":"https:\/\/www.lesgarszellesfontenoises.fr\/index.php\/wp-json\/wp\/v2\/users\/1"}],"replies":[{"embeddable":true,"href":"https:\/\/www.lesgarszellesfontenoises.fr\/index.php\/wp-json\/wp\/v2\/comments?post=7199"}],"version-history":[{"count":6,"href":"https:\/\/www.lesgarszellesfontenoises.fr\/index.php\/wp-json\/wp\/v2\/posts\/7199\/revisions"}],"predecessor-version":[{"id":7305,"href":"https:\/\/www.lesgarszellesfontenoises.fr\/index.php\/wp-json\/wp\/v2\/posts\/7199\/revisions\/7305"}],"wp:featuredmedia":[{"embeddable":true,"href":"https:\/\/www.lesgarszellesfontenoises.fr\/index.php\/wp-json\/wp\/v2\/media\/7255"}],"wp:attachment":[{"href":"https:\/\/www.lesgarszellesfontenoises.fr\/index.php\/wp-json\/wp\/v2\/media?parent=7199"}],"wp:term":[{"taxonomy":"category","embeddable":true,"href":"https:\/\/www.lesgarszellesfontenoises.fr\/index.php\/wp-json\/wp\/v2\/categories?post=7199"},{"taxonomy":"post_tag","embeddable":true,"href":"https:\/\/www.lesgarszellesfontenoises.fr\/index.php\/wp-json\/wp\/v2\/tags?post=7199"}],"curies":[{"name":"wp","href":"https:\/\/api.w.org\/{rel}","templated":true}]}}