{"id":25983,"date":"2025-09-28T18:25:33","date_gmt":"2025-09-28T16:25:33","guid":{"rendered":"https:\/\/www.lesgarszellesfontenoises.fr\/?p=25983"},"modified":"2025-10-14T20:38:46","modified_gmt":"2025-10-14T18:38:46","slug":"virades-2025-marathons-de-tours-et-vannes","status":"publish","type":"post","link":"https:\/\/www.lesgarszellesfontenoises.fr\/index.php\/2025\/09\/28\/virades-2025-marathons-de-tours-et-vannes\/","title":{"rendered":"Virades 2025 &amp; Marathons de Tours et Vannes"},"content":{"rendered":"\n<p class=\"has-medium-font-size\">Dimanche Sportif pour les Gars\u2019Z\u2019elles Fontenoises.<\/p>\n\n\n\n<p class=\"has-medium-font-size\">Alors qu\u2019une belle d\u00e9l\u00e9gation de Gars\u2019Z\u2019elles participait aux virades de l\u2019espoir pour l\u2019association \u00ab&nbsp;<a href=\"https:\/\/www.vaincrelamuco.org\/\" target=\"_blank\" rel=\"noreferrer noopener\">Vaincre la mucovoscidose<\/a>&nbsp;\u00bb, Yannick et Mike s\u2019\u00e9lan\u00e7aient sur le marathon de Tours et Fabien sur celui de Vannes.<\/p>\n\n\n\n<p class=\"has-medium-font-size\">Bravo \u00e0 toutes et \u00e0 tous pour vos belles performances et merci \u00e0 Pierre pour les photos de la sortie \u00ab&nbsp;Virades de l\u2019espoir&nbsp;\u00bb.<\/p>\n\n\n\n<div class=\"wp-block-envira-envira-gallery\"><div id=\"envira-gallery-wrap-25986\" class=\"envira-gallery-wrap envira-gallery-theme-base envira-lightbox-theme-base\" itemscope itemtype=\"https:\/\/schema.org\/ImageGallery\"><div data-row-height=\"150\" data-gallery-theme=\"normal\" id=\"envira-gallery-25986\" class=\"envira-gallery-public envira-gallery-justified-public envira-gallery-0-columns envira-clear enviratope envira-gallery-css-animations\" data-envira-columns=\"0\"><div id=\"envira-gallery-item-25987\" class=\"envira-gallery-item enviratope-item envira-gallery-item-1 envira-lazy-load\" style=\"padding-left: 1px; padding-bottom: 1px; padding-right: 1px;\"  itemscope itemtype=\"https:\/\/schema.org\/ImageObject\"><div class=\"envira-gallery-item-inner\"><div class=\"envira-gallery-position-overlay  envira-gallery-top-left\"><\/div><div class=\"envira-gallery-position-overlay  envira-gallery-top-right\"><\/div><div class=\"envira-gallery-position-overlay  envira-gallery-bottom-left\"><\/div><div class=\"envira-gallery-position-overlay  envira-gallery-bottom-right\"><\/div><a href=\"https:\/\/www.lesgarszellesfontenoises.fr\/wp-content\/uploads\/2025\/09\/2025.09.28-Virades-Marathon-Tours-1.jpg\" class=\"envira-gallery-25986 envira-gallery-link\" rel=\"enviragallery25986\" title=\"2025.09.28 Virades + Marathon Tours (1)\" data-envira-caption=\"2025.09.28 Virades + Marathon Tours (1)\" data-envira-retina=\"\" data-thumbnail=\"\"  itemprop=\"contentUrl\"><img decoding=\"async\" id=\"envira-gallery-image-25987\" class=\"envira-gallery-image envira-gallery-image-1 envira-normal envira-lazy\" data-envira-index=\"1\" src=\"https:\/\/www.lesgarszellesfontenoises.fr\/wp-content\/uploads\/2025\/09\/2025.09.28-Virades-Marathon-Tours-1-768x1024-640x480.jpg\" data-envira-src=\"https:\/\/www.lesgarszellesfontenoises.fr\/wp-content\/uploads\/2025\/09\/2025.09.28-Virades-Marathon-Tours-1-768x1024-640x480.jpg\" data-envira-gallery-id=\"25986\" data-envira-item-id=\"25987\" data-envira-caption=\"2025.09.28 Virades + Marathon Tours (1)\" alt=\"\" title=\"2025.09.28 Virades + Marathon Tours (1)\"  itemprop=\"thumbnailUrl\" data-envira-srcset=\"https:\/\/www.lesgarszellesfontenoises.fr\/wp-content\/uploads\/2025\/09\/2025.09.28-Virades-Marathon-Tours-1-768x1024-640x480.jpg 400w,https:\/\/www.lesgarszellesfontenoises.fr\/wp-content\/uploads\/2025\/09\/2025.09.28-Virades-Marathon-Tours-1-768x1024-640x480.jpg 2x\" data-envira-width=\"225\" data-envira-height=\"300\" srcset=\"data:image\/gif;base64,R0lGODlhAQABAIAAAP\/\/\/\/\/\/\/yH5BAEKAAEALAAAAAABAAEAAAICTAEAOw==\" data-safe-src=\"data:image\/gif;base64,R0lGODlhAQABAIAAAP\/\/\/\/\/\/\/yH5BAEKAAEALAAAAAABAAEAAAICTAEAOw==\" \/><\/a><\/div><\/div><div id=\"envira-gallery-item-25988\" class=\"envira-gallery-item enviratope-item envira-gallery-item-2 envira-lazy-load\" style=\"padding-left: 1px; padding-bottom: 1px; padding-right: 1px;\"  itemscope itemtype=\"https:\/\/schema.org\/ImageObject\"><div class=\"envira-gallery-item-inner\"><div class=\"envira-gallery-position-overlay  envira-gallery-top-left\"><\/div><div class=\"envira-gallery-position-overlay  envira-gallery-top-right\"><\/div><div class=\"envira-gallery-position-overlay  envira-gallery-bottom-left\"><\/div><div class=\"envira-gallery-position-overlay  envira-gallery-bottom-right\"><\/div><a href=\"https:\/\/www.lesgarszellesfontenoises.fr\/wp-content\/uploads\/2025\/09\/2025.09.28-Virades-Marathon-Tours-2.jpg\" class=\"envira-gallery-25986 envira-gallery-link\" rel=\"enviragallery25986\" title=\"2025.09.28 Virades + Marathon Tours (2)\" data-envira-caption=\"2025.09.28 Virades + Marathon Tours (2)\" data-envira-retina=\"\" data-thumbnail=\"\"  itemprop=\"contentUrl\"><img decoding=\"async\" id=\"envira-gallery-image-25988\" class=\"envira-gallery-image envira-gallery-image-2 envira-normal envira-lazy\" data-envira-index=\"2\" src=\"https:\/\/www.lesgarszellesfontenoises.fr\/wp-content\/uploads\/2025\/09\/2025.09.28-Virades-Marathon-Tours-2-576x1024-640x480.jpg\" data-envira-src=\"https:\/\/www.lesgarszellesfontenoises.fr\/wp-content\/uploads\/2025\/09\/2025.09.28-Virades-Marathon-Tours-2-576x1024-640x480.jpg\" data-envira-gallery-id=\"25986\" data-envira-item-id=\"25988\" data-envira-caption=\"2025.09.28 Virades + Marathon Tours (2)\" alt=\"\" title=\"2025.09.28 Virades + Marathon Tours (2)\"  itemprop=\"thumbnailUrl\" data-envira-srcset=\"https:\/\/www.lesgarszellesfontenoises.fr\/wp-content\/uploads\/2025\/09\/2025.09.28-Virades-Marathon-Tours-2-576x1024-640x480.jpg 400w,https:\/\/www.lesgarszellesfontenoises.fr\/wp-content\/uploads\/2025\/09\/2025.09.28-Virades-Marathon-Tours-2-576x1024-640x480.jpg 2x\" data-envira-width=\"169\" data-envira-height=\"300\" srcset=\"data:image\/gif;base64,R0lGODlhAQABAIAAAP\/\/\/\/\/\/\/yH5BAEKAAEALAAAAAABAAEAAAICTAEAOw==\" data-safe-src=\"data:image\/gif;base64,R0lGODlhAQABAIAAAP\/\/\/\/\/\/\/yH5BAEKAAEALAAAAAABAAEAAAICTAEAOw==\" \/><\/a><\/div><\/div><div id=\"envira-gallery-item-25989\" class=\"envira-gallery-item enviratope-item envira-gallery-item-3 envira-lazy-load\" style=\"padding-left: 1px; padding-bottom: 1px; padding-right: 1px;\"  itemscope itemtype=\"https:\/\/schema.org\/ImageObject\"><div class=\"envira-gallery-item-inner\"><div class=\"envira-gallery-position-overlay  envira-gallery-top-left\"><\/div><div class=\"envira-gallery-position-overlay  envira-gallery-top-right\"><\/div><div class=\"envira-gallery-position-overlay  envira-gallery-bottom-left\"><\/div><div class=\"envira-gallery-position-overlay  envira-gallery-bottom-right\"><\/div><a href=\"https:\/\/www.lesgarszellesfontenoises.fr\/wp-content\/uploads\/2025\/09\/2025.09.28-Virades-Marathon-Tours-4.jpg\" class=\"envira-gallery-25986 envira-gallery-link\" rel=\"enviragallery25986\" title=\"2025.09.28 Virades + Marathon Tours (4)\" data-envira-caption=\"2025.09.28 Virades + Marathon Tours (4)\" data-envira-retina=\"\" data-thumbnail=\"\"  itemprop=\"contentUrl\"><img decoding=\"async\" id=\"envira-gallery-image-25989\" class=\"envira-gallery-image envira-gallery-image-3 envira-normal envira-lazy\" data-envira-index=\"3\" src=\"https:\/\/www.lesgarszellesfontenoises.fr\/wp-content\/uploads\/2025\/09\/2025.09.28-Virades-Marathon-Tours-4-461x1024-640x480.jpg\" data-envira-src=\"https:\/\/www.lesgarszellesfontenoises.fr\/wp-content\/uploads\/2025\/09\/2025.09.28-Virades-Marathon-Tours-4-461x1024-640x480.jpg\" data-envira-gallery-id=\"25986\" data-envira-item-id=\"25989\" data-envira-caption=\"2025.09.28 Virades + Marathon Tours (4)\" alt=\"\" title=\"2025.09.28 Virades + Marathon Tours (4)\"  itemprop=\"thumbnailUrl\" data-envira-srcset=\"https:\/\/www.lesgarszellesfontenoises.fr\/wp-content\/uploads\/2025\/09\/2025.09.28-Virades-Marathon-Tours-4-461x1024-640x480.jpg 400w,https:\/\/www.lesgarszellesfontenoises.fr\/wp-content\/uploads\/2025\/09\/2025.09.28-Virades-Marathon-Tours-4-461x1024-640x480.jpg 2x\" data-envira-width=\"135\" data-envira-height=\"300\" srcset=\"data:image\/gif;base64,R0lGODlhAQABAIAAAP\/\/\/\/\/\/\/yH5BAEKAAEALAAAAAABAAEAAAICTAEAOw==\" data-safe-src=\"data:image\/gif;base64,R0lGODlhAQABAIAAAP\/\/\/\/\/\/\/yH5BAEKAAEALAAAAAABAAEAAAICTAEAOw==\" \/><\/a><\/div><\/div><div id=\"envira-gallery-item-25990\" class=\"envira-gallery-item enviratope-item envira-gallery-item-4 envira-lazy-load\" style=\"padding-left: 1px; padding-bottom: 1px; padding-right: 1px;\"  itemscope itemtype=\"https:\/\/schema.org\/ImageObject\"><div class=\"envira-gallery-item-inner\"><div class=\"envira-gallery-position-overlay  envira-gallery-top-left\"><\/div><div class=\"envira-gallery-position-overlay  envira-gallery-top-right\"><\/div><div class=\"envira-gallery-position-overlay  envira-gallery-bottom-left\"><\/div><div class=\"envira-gallery-position-overlay  envira-gallery-bottom-right\"><\/div><a href=\"https:\/\/www.lesgarszellesfontenoises.fr\/wp-content\/uploads\/2025\/09\/2025.09.28-Virades-Marathon-Tours-5.jpg\" class=\"envira-gallery-25986 envira-gallery-link\" rel=\"enviragallery25986\" title=\"2025.09.28 Virades + Marathon Tours (5)\" data-envira-caption=\"2025.09.28 Virades + Marathon Tours (5)\" data-envira-retina=\"\" data-thumbnail=\"\"  itemprop=\"contentUrl\"><img decoding=\"async\" id=\"envira-gallery-image-25990\" class=\"envira-gallery-image envira-gallery-image-4 envira-normal envira-lazy\" data-envira-index=\"4\" src=\"https:\/\/www.lesgarszellesfontenoises.fr\/wp-content\/uploads\/2025\/09\/2025.09.28-Virades-Marathon-Tours-5-768x1024-640x480.jpg\" data-envira-src=\"https:\/\/www.lesgarszellesfontenoises.fr\/wp-content\/uploads\/2025\/09\/2025.09.28-Virades-Marathon-Tours-5-768x1024-640x480.jpg\" data-envira-gallery-id=\"25986\" data-envira-item-id=\"25990\" data-envira-caption=\"2025.09.28 Virades + Marathon Tours (5)\" alt=\"\" title=\"2025.09.28 Virades + Marathon Tours (5)\"  itemprop=\"thumbnailUrl\" data-envira-srcset=\"https:\/\/www.lesgarszellesfontenoises.fr\/wp-content\/uploads\/2025\/09\/2025.09.28-Virades-Marathon-Tours-5-768x1024-640x480.jpg 400w,https:\/\/www.lesgarszellesfontenoises.fr\/wp-content\/uploads\/2025\/09\/2025.09.28-Virades-Marathon-Tours-5-768x1024-640x480.jpg 2x\" data-envira-width=\"225\" data-envira-height=\"300\" srcset=\"data:image\/gif;base64,R0lGODlhAQABAIAAAP\/\/\/\/\/\/\/yH5BAEKAAEALAAAAAABAAEAAAICTAEAOw==\" data-safe-src=\"data:image\/gif;base64,R0lGODlhAQABAIAAAP\/\/\/\/\/\/\/yH5BAEKAAEALAAAAAABAAEAAAICTAEAOw==\" \/><\/a><\/div><\/div><div id=\"envira-gallery-item-25991\" class=\"envira-gallery-item enviratope-item envira-gallery-item-5 envira-lazy-load\" style=\"padding-left: 1px; padding-bottom: 1px; padding-right: 1px;\"  itemscope itemtype=\"https:\/\/schema.org\/ImageObject\"><div class=\"envira-gallery-item-inner\"><div class=\"envira-gallery-position-overlay  envira-gallery-top-left\"><\/div><div class=\"envira-gallery-position-overlay  envira-gallery-top-right\"><\/div><div class=\"envira-gallery-position-overlay  envira-gallery-bottom-left\"><\/div><div class=\"envira-gallery-position-overlay  envira-gallery-bottom-right\"><\/div><a href=\"https:\/\/www.lesgarszellesfontenoises.fr\/wp-content\/uploads\/2025\/09\/2025.09.28-Virades-Marathon-Tours-6.jpg\" class=\"envira-gallery-25986 envira-gallery-link\" rel=\"enviragallery25986\" title=\"2025.09.28 Virades + Marathon Tours (6)\" data-envira-caption=\"2025.09.28 Virades + Marathon Tours (6)\" data-envira-retina=\"\" data-thumbnail=\"\"  itemprop=\"contentUrl\"><img decoding=\"async\" id=\"envira-gallery-image-25991\" class=\"envira-gallery-image envira-gallery-image-5 envira-normal envira-lazy\" data-envira-index=\"5\" src=\"https:\/\/www.lesgarszellesfontenoises.fr\/wp-content\/uploads\/2025\/09\/2025.09.28-Virades-Marathon-Tours-6-768x1024-640x480.jpg\" data-envira-src=\"https:\/\/www.lesgarszellesfontenoises.fr\/wp-content\/uploads\/2025\/09\/2025.09.28-Virades-Marathon-Tours-6-768x1024-640x480.jpg\" data-envira-gallery-id=\"25986\" data-envira-item-id=\"25991\" data-envira-caption=\"2025.09.28 Virades + Marathon Tours (6)\" alt=\"\" title=\"2025.09.28 Virades + Marathon Tours (6)\"  itemprop=\"thumbnailUrl\" data-envira-srcset=\"https:\/\/www.lesgarszellesfontenoises.fr\/wp-content\/uploads\/2025\/09\/2025.09.28-Virades-Marathon-Tours-6-768x1024-640x480.jpg 400w,https:\/\/www.lesgarszellesfontenoises.fr\/wp-content\/uploads\/2025\/09\/2025.09.28-Virades-Marathon-Tours-6-768x1024-640x480.jpg 2x\" data-envira-width=\"225\" data-envira-height=\"300\" srcset=\"data:image\/gif;base64,R0lGODlhAQABAIAAAP\/\/\/\/\/\/\/yH5BAEKAAEALAAAAAABAAEAAAICTAEAOw==\" data-safe-src=\"data:image\/gif;base64,R0lGODlhAQABAIAAAP\/\/\/\/\/\/\/yH5BAEKAAEALAAAAAABAAEAAAICTAEAOw==\" \/><\/a><\/div><\/div><div id=\"envira-gallery-item-25992\" class=\"envira-gallery-item enviratope-item envira-gallery-item-6 envira-lazy-load\" style=\"padding-left: 1px; padding-bottom: 1px; padding-right: 1px;\"  itemscope itemtype=\"https:\/\/schema.org\/ImageObject\"><div class=\"envira-gallery-item-inner\"><div class=\"envira-gallery-position-overlay  envira-gallery-top-left\"><\/div><div class=\"envira-gallery-position-overlay  envira-gallery-top-right\"><\/div><div class=\"envira-gallery-position-overlay  envira-gallery-bottom-left\"><\/div><div class=\"envira-gallery-position-overlay  envira-gallery-bottom-right\"><\/div><a href=\"https:\/\/www.lesgarszellesfontenoises.fr\/wp-content\/uploads\/2025\/09\/2025.09.28-Virades-Marathon-Tours-7.jpg\" class=\"envira-gallery-25986 envira-gallery-link\" rel=\"enviragallery25986\" title=\"2025.09.28 Virades + Marathon Tours (7)\" data-envira-caption=\"2025.09.28 Virades + Marathon Tours (7)\" data-envira-retina=\"\" data-thumbnail=\"\"  itemprop=\"contentUrl\"><img decoding=\"async\" id=\"envira-gallery-image-25992\" class=\"envira-gallery-image envira-gallery-image-6 envira-normal envira-lazy\" data-envira-index=\"6\" src=\"https:\/\/www.lesgarszellesfontenoises.fr\/wp-content\/uploads\/2025\/09\/2025.09.28-Virades-Marathon-Tours-7-768x1024-640x480.jpg\" data-envira-src=\"https:\/\/www.lesgarszellesfontenoises.fr\/wp-content\/uploads\/2025\/09\/2025.09.28-Virades-Marathon-Tours-7-768x1024-640x480.jpg\" data-envira-gallery-id=\"25986\" data-envira-item-id=\"25992\" data-envira-caption=\"2025.09.28 Virades + Marathon Tours (7)\" alt=\"\" title=\"2025.09.28 Virades + Marathon Tours (7)\"  itemprop=\"thumbnailUrl\" data-envira-srcset=\"https:\/\/www.lesgarszellesfontenoises.fr\/wp-content\/uploads\/2025\/09\/2025.09.28-Virades-Marathon-Tours-7-768x1024-640x480.jpg 400w,https:\/\/www.lesgarszellesfontenoises.fr\/wp-content\/uploads\/2025\/09\/2025.09.28-Virades-Marathon-Tours-7-768x1024-640x480.jpg 2x\" data-envira-width=\"225\" data-envira-height=\"300\" srcset=\"data:image\/gif;base64,R0lGODlhAQABAIAAAP\/\/\/\/\/\/\/yH5BAEKAAEALAAAAAABAAEAAAICTAEAOw==\" data-safe-src=\"data:image\/gif;base64,R0lGODlhAQABAIAAAP\/\/\/\/\/\/\/yH5BAEKAAEALAAAAAABAAEAAAICTAEAOw==\" \/><\/a><\/div><\/div><div id=\"envira-gallery-item-25993\" class=\"envira-gallery-item enviratope-item envira-gallery-item-7 envira-lazy-load\" style=\"padding-left: 1px; padding-bottom: 1px; padding-right: 1px;\"  itemscope itemtype=\"https:\/\/schema.org\/ImageObject\"><div class=\"envira-gallery-item-inner\"><div class=\"envira-gallery-position-overlay  envira-gallery-top-left\"><\/div><div class=\"envira-gallery-position-overlay  envira-gallery-top-right\"><\/div><div class=\"envira-gallery-position-overlay  envira-gallery-bottom-left\"><\/div><div class=\"envira-gallery-position-overlay  envira-gallery-bottom-right\"><\/div><a href=\"https:\/\/www.lesgarszellesfontenoises.fr\/wp-content\/uploads\/2025\/09\/2025.09.28-Virades-Marathon-Tours-8.jpg\" class=\"envira-gallery-25986 envira-gallery-link\" rel=\"enviragallery25986\" title=\"2025.09.28 Virades + Marathon Tours (8)\" data-envira-caption=\"2025.09.28 Virades + Marathon Tours (8)\" data-envira-retina=\"\" data-thumbnail=\"\"  itemprop=\"contentUrl\"><img decoding=\"async\" id=\"envira-gallery-image-25993\" class=\"envira-gallery-image envira-gallery-image-7 envira-normal envira-lazy\" data-envira-index=\"7\" src=\"https:\/\/www.lesgarszellesfontenoises.fr\/wp-content\/uploads\/2025\/09\/2025.09.28-Virades-Marathon-Tours-8-768x1024-640x480.jpg\" data-envira-src=\"https:\/\/www.lesgarszellesfontenoises.fr\/wp-content\/uploads\/2025\/09\/2025.09.28-Virades-Marathon-Tours-8-768x1024-640x480.jpg\" data-envira-gallery-id=\"25986\" data-envira-item-id=\"25993\" data-envira-caption=\"2025.09.28 Virades + Marathon Tours (8)\" alt=\"\" title=\"2025.09.28 Virades + Marathon Tours (8)\"  itemprop=\"thumbnailUrl\" data-envira-srcset=\"https:\/\/www.lesgarszellesfontenoises.fr\/wp-content\/uploads\/2025\/09\/2025.09.28-Virades-Marathon-Tours-8-768x1024-640x480.jpg 400w,https:\/\/www.lesgarszellesfontenoises.fr\/wp-content\/uploads\/2025\/09\/2025.09.28-Virades-Marathon-Tours-8-768x1024-640x480.jpg 2x\" data-envira-width=\"225\" data-envira-height=\"300\" srcset=\"data:image\/gif;base64,R0lGODlhAQABAIAAAP\/\/\/\/\/\/\/yH5BAEKAAEALAAAAAABAAEAAAICTAEAOw==\" data-safe-src=\"data:image\/gif;base64,R0lGODlhAQABAIAAAP\/\/\/\/\/\/\/yH5BAEKAAEALAAAAAABAAEAAAICTAEAOw==\" \/><\/a><\/div><\/div><div id=\"envira-gallery-item-25994\" class=\"envira-gallery-item enviratope-item envira-gallery-item-8 envira-lazy-load\" style=\"padding-left: 1px; padding-bottom: 1px; padding-right: 1px;\"  itemscope itemtype=\"https:\/\/schema.org\/ImageObject\"><div class=\"envira-gallery-item-inner\"><div class=\"envira-gallery-position-overlay  envira-gallery-top-left\"><\/div><div class=\"envira-gallery-position-overlay  envira-gallery-top-right\"><\/div><div class=\"envira-gallery-position-overlay  envira-gallery-bottom-left\"><\/div><div class=\"envira-gallery-position-overlay  envira-gallery-bottom-right\"><\/div><a href=\"https:\/\/www.lesgarszellesfontenoises.fr\/wp-content\/uploads\/2025\/09\/2025.09.28-Virades-Marathon-Tours-9.jpg\" class=\"envira-gallery-25986 envira-gallery-link\" rel=\"enviragallery25986\" title=\"2025.09.28 Virades + Marathon Tours (9)\" data-envira-caption=\"2025.09.28 Virades + Marathon Tours (9)\" data-envira-retina=\"\" data-thumbnail=\"\"  itemprop=\"contentUrl\"><img decoding=\"async\" id=\"envira-gallery-image-25994\" class=\"envira-gallery-image envira-gallery-image-8 envira-normal envira-lazy\" data-envira-index=\"8\" src=\"https:\/\/www.lesgarszellesfontenoises.fr\/wp-content\/uploads\/2025\/09\/2025.09.28-Virades-Marathon-Tours-9-768x1024-640x480.jpg\" data-envira-src=\"https:\/\/www.lesgarszellesfontenoises.fr\/wp-content\/uploads\/2025\/09\/2025.09.28-Virades-Marathon-Tours-9-768x1024-640x480.jpg\" data-envira-gallery-id=\"25986\" data-envira-item-id=\"25994\" data-envira-caption=\"2025.09.28 Virades + Marathon Tours (9)\" alt=\"\" title=\"2025.09.28 Virades + Marathon Tours (9)\"  itemprop=\"thumbnailUrl\" data-envira-srcset=\"https:\/\/www.lesgarszellesfontenoises.fr\/wp-content\/uploads\/2025\/09\/2025.09.28-Virades-Marathon-Tours-9-768x1024-640x480.jpg 400w,https:\/\/www.lesgarszellesfontenoises.fr\/wp-content\/uploads\/2025\/09\/2025.09.28-Virades-Marathon-Tours-9-768x1024-640x480.jpg 2x\" data-envira-width=\"225\" data-envira-height=\"300\" srcset=\"data:image\/gif;base64,R0lGODlhAQABAIAAAP\/\/\/\/\/\/\/yH5BAEKAAEALAAAAAABAAEAAAICTAEAOw==\" data-safe-src=\"data:image\/gif;base64,R0lGODlhAQABAIAAAP\/\/\/\/\/\/\/yH5BAEKAAEALAAAAAABAAEAAAICTAEAOw==\" \/><\/a><\/div><\/div><div id=\"envira-gallery-item-25995\" class=\"envira-gallery-item enviratope-item envira-gallery-item-9 envira-lazy-load\" style=\"padding-left: 1px; padding-bottom: 1px; padding-right: 1px;\"  itemscope itemtype=\"https:\/\/schema.org\/ImageObject\"><div class=\"envira-gallery-item-inner\"><div class=\"envira-gallery-position-overlay  envira-gallery-top-left\"><\/div><div class=\"envira-gallery-position-overlay  envira-gallery-top-right\"><\/div><div class=\"envira-gallery-position-overlay  envira-gallery-bottom-left\"><\/div><div class=\"envira-gallery-position-overlay  envira-gallery-bottom-right\"><\/div><a href=\"https:\/\/www.lesgarszellesfontenoises.fr\/wp-content\/uploads\/2025\/09\/2025.09.28-Virades-Marathon-Tours-10.jpg\" class=\"envira-gallery-25986 envira-gallery-link\" rel=\"enviragallery25986\" title=\"2025.09.28 Virades + Marathon Tours (10)\" data-envira-caption=\"2025.09.28 Virades + Marathon Tours (10)\" data-envira-retina=\"\" data-thumbnail=\"\"  itemprop=\"contentUrl\"><img decoding=\"async\" id=\"envira-gallery-image-25995\" class=\"envira-gallery-image envira-gallery-image-9 envira-normal envira-lazy\" data-envira-index=\"9\" src=\"https:\/\/www.lesgarszellesfontenoises.fr\/wp-content\/uploads\/2025\/09\/2025.09.28-Virades-Marathon-Tours-10-768x1024-640x480.jpg\" data-envira-src=\"https:\/\/www.lesgarszellesfontenoises.fr\/wp-content\/uploads\/2025\/09\/2025.09.28-Virades-Marathon-Tours-10-768x1024-640x480.jpg\" data-envira-gallery-id=\"25986\" data-envira-item-id=\"25995\" data-envira-caption=\"2025.09.28 Virades + Marathon Tours (10)\" alt=\"\" title=\"2025.09.28 Virades + Marathon Tours (10)\"  itemprop=\"thumbnailUrl\" data-envira-srcset=\"https:\/\/www.lesgarszellesfontenoises.fr\/wp-content\/uploads\/2025\/09\/2025.09.28-Virades-Marathon-Tours-10-768x1024-640x480.jpg 400w,https:\/\/www.lesgarszellesfontenoises.fr\/wp-content\/uploads\/2025\/09\/2025.09.28-Virades-Marathon-Tours-10-768x1024-640x480.jpg 2x\" data-envira-width=\"225\" data-envira-height=\"300\" srcset=\"data:image\/gif;base64,R0lGODlhAQABAIAAAP\/\/\/\/\/\/\/yH5BAEKAAEALAAAAAABAAEAAAICTAEAOw==\" data-safe-src=\"data:image\/gif;base64,R0lGODlhAQABAIAAAP\/\/\/\/\/\/\/yH5BAEKAAEALAAAAAABAAEAAAICTAEAOw==\" \/><\/a><\/div><\/div><div id=\"envira-gallery-item-25996\" class=\"envira-gallery-item enviratope-item envira-gallery-item-10 envira-lazy-load\" style=\"padding-left: 1px; padding-bottom: 1px; padding-right: 1px;\"  itemscope itemtype=\"https:\/\/schema.org\/ImageObject\"><div class=\"envira-gallery-item-inner\"><div class=\"envira-gallery-position-overlay  envira-gallery-top-left\"><\/div><div class=\"envira-gallery-position-overlay  envira-gallery-top-right\"><\/div><div class=\"envira-gallery-position-overlay  envira-gallery-bottom-left\"><\/div><div class=\"envira-gallery-position-overlay  envira-gallery-bottom-right\"><\/div><a href=\"https:\/\/www.lesgarszellesfontenoises.fr\/wp-content\/uploads\/2025\/09\/2025.09.28-Virades-Marathon-Tours-11.jpg\" class=\"envira-gallery-25986 envira-gallery-link\" rel=\"enviragallery25986\" title=\"2025.09.28 Virades + Marathon Tours (11)\" data-envira-caption=\"2025.09.28 Virades + Marathon Tours (11)\" data-envira-retina=\"\" data-thumbnail=\"\"  itemprop=\"contentUrl\"><img decoding=\"async\" id=\"envira-gallery-image-25996\" class=\"envira-gallery-image envira-gallery-image-10 envira-normal envira-lazy\" data-envira-index=\"10\" src=\"https:\/\/www.lesgarszellesfontenoises.fr\/wp-content\/uploads\/2025\/09\/2025.09.28-Virades-Marathon-Tours-11-768x1024-640x480.jpg\" data-envira-src=\"https:\/\/www.lesgarszellesfontenoises.fr\/wp-content\/uploads\/2025\/09\/2025.09.28-Virades-Marathon-Tours-11-768x1024-640x480.jpg\" data-envira-gallery-id=\"25986\" data-envira-item-id=\"25996\" data-envira-caption=\"2025.09.28 Virades + Marathon Tours (11)\" alt=\"\" title=\"2025.09.28 Virades + Marathon Tours (11)\"  itemprop=\"thumbnailUrl\" data-envira-srcset=\"https:\/\/www.lesgarszellesfontenoises.fr\/wp-content\/uploads\/2025\/09\/2025.09.28-Virades-Marathon-Tours-11-768x1024-640x480.jpg 400w,https:\/\/www.lesgarszellesfontenoises.fr\/wp-content\/uploads\/2025\/09\/2025.09.28-Virades-Marathon-Tours-11-768x1024-640x480.jpg 2x\" data-envira-width=\"225\" data-envira-height=\"300\" srcset=\"data:image\/gif;base64,R0lGODlhAQABAIAAAP\/\/\/\/\/\/\/yH5BAEKAAEALAAAAAABAAEAAAICTAEAOw==\" data-safe-src=\"data:image\/gif;base64,R0lGODlhAQABAIAAAP\/\/\/\/\/\/\/yH5BAEKAAEALAAAAAABAAEAAAICTAEAOw==\" \/><\/a><\/div><\/div><div id=\"envira-gallery-item-25997\" class=\"envira-gallery-item enviratope-item envira-gallery-item-11 envira-lazy-load\" style=\"padding-left: 1px; padding-bottom: 1px; padding-right: 1px;\"  itemscope itemtype=\"https:\/\/schema.org\/ImageObject\"><div class=\"envira-gallery-item-inner\"><div class=\"envira-gallery-position-overlay  envira-gallery-top-left\"><\/div><div class=\"envira-gallery-position-overlay  envira-gallery-top-right\"><\/div><div class=\"envira-gallery-position-overlay  envira-gallery-bottom-left\"><\/div><div class=\"envira-gallery-position-overlay  envira-gallery-bottom-right\"><\/div><a href=\"https:\/\/www.lesgarszellesfontenoises.fr\/wp-content\/uploads\/2025\/09\/2025.09.28-Virades-Marathon-Tours-12.jpg\" class=\"envira-gallery-25986 envira-gallery-link\" rel=\"enviragallery25986\" title=\"2025.09.28 Virades + Marathon Tours (12)\" data-envira-caption=\"2025.09.28 Virades + Marathon Tours (12)\" data-envira-retina=\"\" data-thumbnail=\"\"  itemprop=\"contentUrl\"><img decoding=\"async\" id=\"envira-gallery-image-25997\" class=\"envira-gallery-image envira-gallery-image-11 envira-normal envira-lazy\" data-envira-index=\"11\" src=\"https:\/\/www.lesgarszellesfontenoises.fr\/wp-content\/uploads\/2025\/09\/2025.09.28-Virades-Marathon-Tours-12-768x1024-640x480.jpg\" data-envira-src=\"https:\/\/www.lesgarszellesfontenoises.fr\/wp-content\/uploads\/2025\/09\/2025.09.28-Virades-Marathon-Tours-12-768x1024-640x480.jpg\" data-envira-gallery-id=\"25986\" data-envira-item-id=\"25997\" data-envira-caption=\"2025.09.28 Virades + Marathon Tours (12)\" alt=\"\" title=\"2025.09.28 Virades + Marathon Tours (12)\"  itemprop=\"thumbnailUrl\" data-envira-srcset=\"https:\/\/www.lesgarszellesfontenoises.fr\/wp-content\/uploads\/2025\/09\/2025.09.28-Virades-Marathon-Tours-12-768x1024-640x480.jpg 400w,https:\/\/www.lesgarszellesfontenoises.fr\/wp-content\/uploads\/2025\/09\/2025.09.28-Virades-Marathon-Tours-12-768x1024-640x480.jpg 2x\" data-envira-width=\"225\" data-envira-height=\"300\" srcset=\"data:image\/gif;base64,R0lGODlhAQABAIAAAP\/\/\/\/\/\/\/yH5BAEKAAEALAAAAAABAAEAAAICTAEAOw==\" data-safe-src=\"data:image\/gif;base64,R0lGODlhAQABAIAAAP\/\/\/\/\/\/\/yH5BAEKAAEALAAAAAABAAEAAAICTAEAOw==\" \/><\/a><\/div><\/div><div id=\"envira-gallery-item-25998\" class=\"envira-gallery-item enviratope-item envira-gallery-item-12 envira-lazy-load\" style=\"padding-left: 1px; padding-bottom: 1px; padding-right: 1px;\"  itemscope itemtype=\"https:\/\/schema.org\/ImageObject\"><div class=\"envira-gallery-item-inner\"><div class=\"envira-gallery-position-overlay  envira-gallery-top-left\"><\/div><div class=\"envira-gallery-position-overlay  envira-gallery-top-right\"><\/div><div class=\"envira-gallery-position-overlay  envira-gallery-bottom-left\"><\/div><div class=\"envira-gallery-position-overlay  envira-gallery-bottom-right\"><\/div><a href=\"https:\/\/www.lesgarszellesfontenoises.fr\/wp-content\/uploads\/2025\/09\/2025.09.28-Virades-Marathon-Tours-13.jpg\" class=\"envira-gallery-25986 envira-gallery-link\" rel=\"enviragallery25986\" title=\"2025.09.28 Virades + Marathon Tours (13)\" data-envira-caption=\"2025.09.28 Virades + Marathon Tours (13)\" data-envira-retina=\"\" data-thumbnail=\"\"  itemprop=\"contentUrl\"><img decoding=\"async\" id=\"envira-gallery-image-25998\" class=\"envira-gallery-image envira-gallery-image-12 envira-normal envira-lazy\" data-envira-index=\"12\" src=\"https:\/\/www.lesgarszellesfontenoises.fr\/wp-content\/uploads\/2025\/09\/2025.09.28-Virades-Marathon-Tours-13-768x1024-640x480.jpg\" data-envira-src=\"https:\/\/www.lesgarszellesfontenoises.fr\/wp-content\/uploads\/2025\/09\/2025.09.28-Virades-Marathon-Tours-13-768x1024-640x480.jpg\" data-envira-gallery-id=\"25986\" data-envira-item-id=\"25998\" data-envira-caption=\"2025.09.28 Virades + Marathon Tours (13)\" alt=\"\" title=\"2025.09.28 Virades + Marathon Tours (13)\"  itemprop=\"thumbnailUrl\" data-envira-srcset=\"https:\/\/www.lesgarszellesfontenoises.fr\/wp-content\/uploads\/2025\/09\/2025.09.28-Virades-Marathon-Tours-13-768x1024-640x480.jpg 400w,https:\/\/www.lesgarszellesfontenoises.fr\/wp-content\/uploads\/2025\/09\/2025.09.28-Virades-Marathon-Tours-13-768x1024-640x480.jpg 2x\" data-envira-width=\"225\" data-envira-height=\"300\" srcset=\"data:image\/gif;base64,R0lGODlhAQABAIAAAP\/\/\/\/\/\/\/yH5BAEKAAEALAAAAAABAAEAAAICTAEAOw==\" data-safe-src=\"data:image\/gif;base64,R0lGODlhAQABAIAAAP\/\/\/\/\/\/\/yH5BAEKAAEALAAAAAABAAEAAAICTAEAOw==\" \/><\/a><\/div><\/div><div id=\"envira-gallery-item-25999\" class=\"envira-gallery-item enviratope-item envira-gallery-item-13 envira-lazy-load\" style=\"padding-left: 1px; padding-bottom: 1px; padding-right: 1px;\"  itemscope itemtype=\"https:\/\/schema.org\/ImageObject\"><div class=\"envira-gallery-item-inner\"><div class=\"envira-gallery-position-overlay  envira-gallery-top-left\"><\/div><div class=\"envira-gallery-position-overlay  envira-gallery-top-right\"><\/div><div class=\"envira-gallery-position-overlay  envira-gallery-bottom-left\"><\/div><div class=\"envira-gallery-position-overlay  envira-gallery-bottom-right\"><\/div><a href=\"https:\/\/www.lesgarszellesfontenoises.fr\/wp-content\/uploads\/2025\/09\/2025.09.28-Virades-Marathon-Tours-14.jpg\" class=\"envira-gallery-25986 envira-gallery-link\" rel=\"enviragallery25986\" title=\"2025.09.28 Virades + Marathon Tours (14)\" data-envira-caption=\"2025.09.28 Virades + Marathon Tours (14)\" data-envira-retina=\"\" data-thumbnail=\"\"  itemprop=\"contentUrl\"><img decoding=\"async\" id=\"envira-gallery-image-25999\" class=\"envira-gallery-image envira-gallery-image-13 envira-normal envira-lazy\" data-envira-index=\"13\" src=\"https:\/\/www.lesgarszellesfontenoises.fr\/wp-content\/uploads\/2025\/09\/2025.09.28-Virades-Marathon-Tours-14-768x1024-640x480.jpg\" data-envira-src=\"https:\/\/www.lesgarszellesfontenoises.fr\/wp-content\/uploads\/2025\/09\/2025.09.28-Virades-Marathon-Tours-14-768x1024-640x480.jpg\" data-envira-gallery-id=\"25986\" data-envira-item-id=\"25999\" data-envira-caption=\"2025.09.28 Virades + Marathon Tours (14)\" alt=\"\" title=\"2025.09.28 Virades + Marathon Tours (14)\"  itemprop=\"thumbnailUrl\" data-envira-srcset=\"https:\/\/www.lesgarszellesfontenoises.fr\/wp-content\/uploads\/2025\/09\/2025.09.28-Virades-Marathon-Tours-14-768x1024-640x480.jpg 400w,https:\/\/www.lesgarszellesfontenoises.fr\/wp-content\/uploads\/2025\/09\/2025.09.28-Virades-Marathon-Tours-14-768x1024-640x480.jpg 2x\" data-envira-width=\"225\" data-envira-height=\"300\" srcset=\"data:image\/gif;base64,R0lGODlhAQABAIAAAP\/\/\/\/\/\/\/yH5BAEKAAEALAAAAAABAAEAAAICTAEAOw==\" data-safe-src=\"data:image\/gif;base64,R0lGODlhAQABAIAAAP\/\/\/\/\/\/\/yH5BAEKAAEALAAAAAABAAEAAAICTAEAOw==\" \/><\/a><\/div><\/div><div id=\"envira-gallery-item-26000\" class=\"envira-gallery-item enviratope-item envira-gallery-item-14 envira-lazy-load\" style=\"padding-left: 1px; padding-bottom: 1px; padding-right: 1px;\"  itemscope itemtype=\"https:\/\/schema.org\/ImageObject\"><div class=\"envira-gallery-item-inner\"><div class=\"envira-gallery-position-overlay  envira-gallery-top-left\"><\/div><div class=\"envira-gallery-position-overlay  envira-gallery-top-right\"><\/div><div class=\"envira-gallery-position-overlay  envira-gallery-bottom-left\"><\/div><div class=\"envira-gallery-position-overlay  envira-gallery-bottom-right\"><\/div><a href=\"https:\/\/www.lesgarszellesfontenoises.fr\/wp-content\/uploads\/2025\/09\/2025.09.28-Virades-Marathon-Tours-15.jpg\" class=\"envira-gallery-25986 envira-gallery-link\" rel=\"enviragallery25986\" title=\"2025.09.28 Virades + Marathon Tours (15)\" data-envira-caption=\"2025.09.28 Virades + Marathon Tours (15)\" data-envira-retina=\"\" data-thumbnail=\"\"  itemprop=\"contentUrl\"><img decoding=\"async\" id=\"envira-gallery-image-26000\" class=\"envira-gallery-image envira-gallery-image-14 envira-normal envira-lazy\" data-envira-index=\"14\" src=\"https:\/\/www.lesgarszellesfontenoises.fr\/wp-content\/uploads\/2025\/09\/2025.09.28-Virades-Marathon-Tours-15-768x1024-640x480.jpg\" data-envira-src=\"https:\/\/www.lesgarszellesfontenoises.fr\/wp-content\/uploads\/2025\/09\/2025.09.28-Virades-Marathon-Tours-15-768x1024-640x480.jpg\" data-envira-gallery-id=\"25986\" data-envira-item-id=\"26000\" data-envira-caption=\"2025.09.28 Virades + Marathon Tours (15)\" alt=\"\" title=\"2025.09.28 Virades + Marathon Tours (15)\"  itemprop=\"thumbnailUrl\" data-envira-srcset=\"https:\/\/www.lesgarszellesfontenoises.fr\/wp-content\/uploads\/2025\/09\/2025.09.28-Virades-Marathon-Tours-15-768x1024-640x480.jpg 400w,https:\/\/www.lesgarszellesfontenoises.fr\/wp-content\/uploads\/2025\/09\/2025.09.28-Virades-Marathon-Tours-15-768x1024-640x480.jpg 2x\" data-envira-width=\"225\" data-envira-height=\"300\" srcset=\"data:image\/gif;base64,R0lGODlhAQABAIAAAP\/\/\/\/\/\/\/yH5BAEKAAEALAAAAAABAAEAAAICTAEAOw==\" data-safe-src=\"data:image\/gif;base64,R0lGODlhAQABAIAAAP\/\/\/\/\/\/\/yH5BAEKAAEALAAAAAABAAEAAAICTAEAOw==\" \/><\/a><\/div><\/div><div id=\"envira-gallery-item-26001\" class=\"envira-gallery-item enviratope-item envira-gallery-item-15 envira-lazy-load\" style=\"padding-left: 1px; padding-bottom: 1px; padding-right: 1px;\"  itemscope itemtype=\"https:\/\/schema.org\/ImageObject\"><div class=\"envira-gallery-item-inner\"><div class=\"envira-gallery-position-overlay  envira-gallery-top-left\"><\/div><div class=\"envira-gallery-position-overlay  envira-gallery-top-right\"><\/div><div class=\"envira-gallery-position-overlay  envira-gallery-bottom-left\"><\/div><div class=\"envira-gallery-position-overlay  envira-gallery-bottom-right\"><\/div><a href=\"https:\/\/www.lesgarszellesfontenoises.fr\/wp-content\/uploads\/2025\/09\/2025.09.28-Virades-Marathon-Tours-16.jpg\" class=\"envira-gallery-25986 envira-gallery-link\" rel=\"enviragallery25986\" title=\"2025.09.28 Virades + Marathon Tours (16)\" data-envira-caption=\"2025.09.28 Virades + Marathon Tours (16)\" data-envira-retina=\"\" data-thumbnail=\"\"  itemprop=\"contentUrl\"><img decoding=\"async\" id=\"envira-gallery-image-26001\" class=\"envira-gallery-image envira-gallery-image-15 envira-normal envira-lazy\" data-envira-index=\"15\" src=\"https:\/\/www.lesgarszellesfontenoises.fr\/wp-content\/uploads\/2025\/09\/2025.09.28-Virades-Marathon-Tours-16-768x1024-640x480.jpg\" data-envira-src=\"https:\/\/www.lesgarszellesfontenoises.fr\/wp-content\/uploads\/2025\/09\/2025.09.28-Virades-Marathon-Tours-16-768x1024-640x480.jpg\" data-envira-gallery-id=\"25986\" data-envira-item-id=\"26001\" data-envira-caption=\"2025.09.28 Virades + Marathon Tours (16)\" alt=\"\" title=\"2025.09.28 Virades + Marathon Tours (16)\"  itemprop=\"thumbnailUrl\" data-envira-srcset=\"https:\/\/www.lesgarszellesfontenoises.fr\/wp-content\/uploads\/2025\/09\/2025.09.28-Virades-Marathon-Tours-16-768x1024-640x480.jpg 400w,https:\/\/www.lesgarszellesfontenoises.fr\/wp-content\/uploads\/2025\/09\/2025.09.28-Virades-Marathon-Tours-16-768x1024-640x480.jpg 2x\" data-envira-width=\"225\" data-envira-height=\"300\" srcset=\"data:image\/gif;base64,R0lGODlhAQABAIAAAP\/\/\/\/\/\/\/yH5BAEKAAEALAAAAAABAAEAAAICTAEAOw==\" data-safe-src=\"data:image\/gif;base64,R0lGODlhAQABAIAAAP\/\/\/\/\/\/\/yH5BAEKAAEALAAAAAABAAEAAAICTAEAOw==\" \/><\/a><\/div><\/div><div id=\"envira-gallery-item-26002\" class=\"envira-gallery-item enviratope-item envira-gallery-item-16 envira-lazy-load\" style=\"padding-left: 1px; padding-bottom: 1px; padding-right: 1px;\"  itemscope itemtype=\"https:\/\/schema.org\/ImageObject\"><div class=\"envira-gallery-item-inner\"><div class=\"envira-gallery-position-overlay  envira-gallery-top-left\"><\/div><div class=\"envira-gallery-position-overlay  envira-gallery-top-right\"><\/div><div class=\"envira-gallery-position-overlay  envira-gallery-bottom-left\"><\/div><div class=\"envira-gallery-position-overlay  envira-gallery-bottom-right\"><\/div><a href=\"https:\/\/www.lesgarszellesfontenoises.fr\/wp-content\/uploads\/2025\/09\/2025.09.28-Virades-Marathon-Tours-17.jpg\" class=\"envira-gallery-25986 envira-gallery-link\" rel=\"enviragallery25986\" title=\"2025.09.28 Virades + Marathon Tours (17)\" data-envira-caption=\"2025.09.28 Virades + Marathon Tours (17)\" data-envira-retina=\"\" data-thumbnail=\"\"  itemprop=\"contentUrl\"><img decoding=\"async\" id=\"envira-gallery-image-26002\" class=\"envira-gallery-image envira-gallery-image-16 envira-normal envira-lazy\" data-envira-index=\"16\" src=\"https:\/\/www.lesgarszellesfontenoises.fr\/wp-content\/uploads\/2025\/09\/2025.09.28-Virades-Marathon-Tours-17-768x1024-640x480.jpg\" data-envira-src=\"https:\/\/www.lesgarszellesfontenoises.fr\/wp-content\/uploads\/2025\/09\/2025.09.28-Virades-Marathon-Tours-17-768x1024-640x480.jpg\" data-envira-gallery-id=\"25986\" data-envira-item-id=\"26002\" data-envira-caption=\"2025.09.28 Virades + Marathon Tours (17)\" alt=\"\" title=\"2025.09.28 Virades + Marathon Tours (17)\"  itemprop=\"thumbnailUrl\" data-envira-srcset=\"https:\/\/www.lesgarszellesfontenoises.fr\/wp-content\/uploads\/2025\/09\/2025.09.28-Virades-Marathon-Tours-17-768x1024-640x480.jpg 400w,https:\/\/www.lesgarszellesfontenoises.fr\/wp-content\/uploads\/2025\/09\/2025.09.28-Virades-Marathon-Tours-17-768x1024-640x480.jpg 2x\" data-envira-width=\"225\" data-envira-height=\"300\" srcset=\"data:image\/gif;base64,R0lGODlhAQABAIAAAP\/\/\/\/\/\/\/yH5BAEKAAEALAAAAAABAAEAAAICTAEAOw==\" data-safe-src=\"data:image\/gif;base64,R0lGODlhAQABAIAAAP\/\/\/\/\/\/\/yH5BAEKAAEALAAAAAABAAEAAAICTAEAOw==\" \/><\/a><\/div><\/div><div id=\"envira-gallery-item-26003\" class=\"envira-gallery-item enviratope-item envira-gallery-item-17 envira-lazy-load\" style=\"padding-left: 1px; padding-bottom: 1px; padding-right: 1px;\"  itemscope itemtype=\"https:\/\/schema.org\/ImageObject\"><div class=\"envira-gallery-item-inner\"><div class=\"envira-gallery-position-overlay  envira-gallery-top-left\"><\/div><div class=\"envira-gallery-position-overlay  envira-gallery-top-right\"><\/div><div class=\"envira-gallery-position-overlay  envira-gallery-bottom-left\"><\/div><div class=\"envira-gallery-position-overlay  envira-gallery-bottom-right\"><\/div><a href=\"https:\/\/www.lesgarszellesfontenoises.fr\/wp-content\/uploads\/2025\/09\/2025.09.28-Virades-Marathon-Tours-18.jpg\" class=\"envira-gallery-25986 envira-gallery-link\" rel=\"enviragallery25986\" title=\"2025.09.28 Virades + Marathon Tours (18)\" data-envira-caption=\"2025.09.28 Virades + Marathon Tours (18)\" data-envira-retina=\"\" data-thumbnail=\"\"  itemprop=\"contentUrl\"><img decoding=\"async\" id=\"envira-gallery-image-26003\" class=\"envira-gallery-image envira-gallery-image-17 envira-normal envira-lazy\" data-envira-index=\"17\" src=\"https:\/\/www.lesgarszellesfontenoises.fr\/wp-content\/uploads\/2025\/09\/2025.09.28-Virades-Marathon-Tours-18-768x1024-640x480.jpg\" data-envira-src=\"https:\/\/www.lesgarszellesfontenoises.fr\/wp-content\/uploads\/2025\/09\/2025.09.28-Virades-Marathon-Tours-18-768x1024-640x480.jpg\" data-envira-gallery-id=\"25986\" data-envira-item-id=\"26003\" data-envira-caption=\"2025.09.28 Virades + Marathon Tours (18)\" alt=\"\" title=\"2025.09.28 Virades + Marathon Tours (18)\"  itemprop=\"thumbnailUrl\" data-envira-srcset=\"https:\/\/www.lesgarszellesfontenoises.fr\/wp-content\/uploads\/2025\/09\/2025.09.28-Virades-Marathon-Tours-18-768x1024-640x480.jpg 400w,https:\/\/www.lesgarszellesfontenoises.fr\/wp-content\/uploads\/2025\/09\/2025.09.28-Virades-Marathon-Tours-18-768x1024-640x480.jpg 2x\" data-envira-width=\"225\" data-envira-height=\"300\" srcset=\"data:image\/gif;base64,R0lGODlhAQABAIAAAP\/\/\/\/\/\/\/yH5BAEKAAEALAAAAAABAAEAAAICTAEAOw==\" data-safe-src=\"data:image\/gif;base64,R0lGODlhAQABAIAAAP\/\/\/\/\/\/\/yH5BAEKAAEALAAAAAABAAEAAAICTAEAOw==\" \/><\/a><\/div><\/div><div id=\"envira-gallery-item-26004\" class=\"envira-gallery-item enviratope-item envira-gallery-item-18 envira-lazy-load\" style=\"padding-left: 1px; padding-bottom: 1px; padding-right: 1px;\"  itemscope itemtype=\"https:\/\/schema.org\/ImageObject\"><div class=\"envira-gallery-item-inner\"><div class=\"envira-gallery-position-overlay  envira-gallery-top-left\"><\/div><div class=\"envira-gallery-position-overlay  envira-gallery-top-right\"><\/div><div class=\"envira-gallery-position-overlay  envira-gallery-bottom-left\"><\/div><div class=\"envira-gallery-position-overlay  envira-gallery-bottom-right\"><\/div><a href=\"https:\/\/www.lesgarszellesfontenoises.fr\/wp-content\/uploads\/2025\/09\/2025.09.28-Virades-Marathon-Tours-19.jpg\" class=\"envira-gallery-25986 envira-gallery-link\" rel=\"enviragallery25986\" title=\"2025.09.28 Virades + Marathon Tours (19)\" data-envira-caption=\"2025.09.28 Virades + Marathon Tours (19)\" data-envira-retina=\"\" data-thumbnail=\"\"  itemprop=\"contentUrl\"><img decoding=\"async\" id=\"envira-gallery-image-26004\" class=\"envira-gallery-image envira-gallery-image-18 envira-normal envira-lazy\" data-envira-index=\"18\" src=\"https:\/\/www.lesgarszellesfontenoises.fr\/wp-content\/uploads\/2025\/09\/2025.09.28-Virades-Marathon-Tours-19-768x1024-640x480.jpg\" data-envira-src=\"https:\/\/www.lesgarszellesfontenoises.fr\/wp-content\/uploads\/2025\/09\/2025.09.28-Virades-Marathon-Tours-19-768x1024-640x480.jpg\" data-envira-gallery-id=\"25986\" data-envira-item-id=\"26004\" data-envira-caption=\"2025.09.28 Virades + Marathon Tours (19)\" alt=\"\" title=\"2025.09.28 Virades + Marathon Tours (19)\"  itemprop=\"thumbnailUrl\" data-envira-srcset=\"https:\/\/www.lesgarszellesfontenoises.fr\/wp-content\/uploads\/2025\/09\/2025.09.28-Virades-Marathon-Tours-19-768x1024-640x480.jpg 400w,https:\/\/www.lesgarszellesfontenoises.fr\/wp-content\/uploads\/2025\/09\/2025.09.28-Virades-Marathon-Tours-19-768x1024-640x480.jpg 2x\" data-envira-width=\"225\" data-envira-height=\"300\" srcset=\"data:image\/gif;base64,R0lGODlhAQABAIAAAP\/\/\/\/\/\/\/yH5BAEKAAEALAAAAAABAAEAAAICTAEAOw==\" data-safe-src=\"data:image\/gif;base64,R0lGODlhAQABAIAAAP\/\/\/\/\/\/\/yH5BAEKAAEALAAAAAABAAEAAAICTAEAOw==\" \/><\/a><\/div><\/div><div id=\"envira-gallery-item-26005\" class=\"envira-gallery-item enviratope-item envira-gallery-item-19 envira-lazy-load\" style=\"padding-left: 1px; padding-bottom: 1px; padding-right: 1px;\"  itemscope itemtype=\"https:\/\/schema.org\/ImageObject\"><div class=\"envira-gallery-item-inner\"><div class=\"envira-gallery-position-overlay  envira-gallery-top-left\"><\/div><div class=\"envira-gallery-position-overlay  envira-gallery-top-right\"><\/div><div class=\"envira-gallery-position-overlay  envira-gallery-bottom-left\"><\/div><div class=\"envira-gallery-position-overlay  envira-gallery-bottom-right\"><\/div><a href=\"https:\/\/www.lesgarszellesfontenoises.fr\/wp-content\/uploads\/2025\/09\/2025.09.28-Virades-Marathon-Tours-20.jpg\" class=\"envira-gallery-25986 envira-gallery-link\" rel=\"enviragallery25986\" title=\"2025.09.28 Virades + Marathon Tours (20)\" data-envira-caption=\"2025.09.28 Virades + Marathon Tours (20)\" data-envira-retina=\"\" data-thumbnail=\"\"  itemprop=\"contentUrl\"><img decoding=\"async\" id=\"envira-gallery-image-26005\" class=\"envira-gallery-image envira-gallery-image-19 envira-normal envira-lazy\" data-envira-index=\"19\" src=\"https:\/\/www.lesgarszellesfontenoises.fr\/wp-content\/uploads\/2025\/09\/2025.09.28-Virades-Marathon-Tours-20-768x1024-640x480.jpg\" data-envira-src=\"https:\/\/www.lesgarszellesfontenoises.fr\/wp-content\/uploads\/2025\/09\/2025.09.28-Virades-Marathon-Tours-20-768x1024-640x480.jpg\" data-envira-gallery-id=\"25986\" data-envira-item-id=\"26005\" data-envira-caption=\"2025.09.28 Virades + Marathon Tours (20)\" alt=\"\" title=\"2025.09.28 Virades + Marathon Tours (20)\"  itemprop=\"thumbnailUrl\" data-envira-srcset=\"https:\/\/www.lesgarszellesfontenoises.fr\/wp-content\/uploads\/2025\/09\/2025.09.28-Virades-Marathon-Tours-20-768x1024-640x480.jpg 400w,https:\/\/www.lesgarszellesfontenoises.fr\/wp-content\/uploads\/2025\/09\/2025.09.28-Virades-Marathon-Tours-20-768x1024-640x480.jpg 2x\" data-envira-width=\"225\" data-envira-height=\"300\" srcset=\"data:image\/gif;base64,R0lGODlhAQABAIAAAP\/\/\/\/\/\/\/yH5BAEKAAEALAAAAAABAAEAAAICTAEAOw==\" data-safe-src=\"data:image\/gif;base64,R0lGODlhAQABAIAAAP\/\/\/\/\/\/\/yH5BAEKAAEALAAAAAABAAEAAAICTAEAOw==\" \/><\/a><\/div><\/div><div id=\"envira-gallery-item-26006\" class=\"envira-gallery-item enviratope-item envira-gallery-item-20 envira-lazy-load\" style=\"padding-left: 1px; padding-bottom: 1px; padding-right: 1px;\"  itemscope itemtype=\"https:\/\/schema.org\/ImageObject\"><div class=\"envira-gallery-item-inner\"><div class=\"envira-gallery-position-overlay  envira-gallery-top-left\"><\/div><div class=\"envira-gallery-position-overlay  envira-gallery-top-right\"><\/div><div class=\"envira-gallery-position-overlay  envira-gallery-bottom-left\"><\/div><div class=\"envira-gallery-position-overlay  envira-gallery-bottom-right\"><\/div><a href=\"https:\/\/www.lesgarszellesfontenoises.fr\/wp-content\/uploads\/2025\/09\/2025.09.28-Virades-Marathon-Tours-21.jpg\" class=\"envira-gallery-25986 envira-gallery-link\" rel=\"enviragallery25986\" title=\"2025.09.28 Virades + Marathon Tours (21)\" data-envira-caption=\"2025.09.28 Virades + Marathon Tours (21)\" data-envira-retina=\"\" data-thumbnail=\"\"  itemprop=\"contentUrl\"><img decoding=\"async\" id=\"envira-gallery-image-26006\" class=\"envira-gallery-image envira-gallery-image-20 envira-normal envira-lazy\" data-envira-index=\"20\" src=\"https:\/\/www.lesgarszellesfontenoises.fr\/wp-content\/uploads\/2025\/09\/2025.09.28-Virades-Marathon-Tours-21-768x1024-640x480.jpg\" data-envira-src=\"https:\/\/www.lesgarszellesfontenoises.fr\/wp-content\/uploads\/2025\/09\/2025.09.28-Virades-Marathon-Tours-21-768x1024-640x480.jpg\" data-envira-gallery-id=\"25986\" data-envira-item-id=\"26006\" data-envira-caption=\"2025.09.28 Virades + Marathon Tours (21)\" alt=\"\" title=\"2025.09.28 Virades + Marathon Tours (21)\"  itemprop=\"thumbnailUrl\" data-envira-srcset=\"https:\/\/www.lesgarszellesfontenoises.fr\/wp-content\/uploads\/2025\/09\/2025.09.28-Virades-Marathon-Tours-21-768x1024-640x480.jpg 400w,https:\/\/www.lesgarszellesfontenoises.fr\/wp-content\/uploads\/2025\/09\/2025.09.28-Virades-Marathon-Tours-21-768x1024-640x480.jpg 2x\" data-envira-width=\"225\" data-envira-height=\"300\" srcset=\"data:image\/gif;base64,R0lGODlhAQABAIAAAP\/\/\/\/\/\/\/yH5BAEKAAEALAAAAAABAAEAAAICTAEAOw==\" data-safe-src=\"data:image\/gif;base64,R0lGODlhAQABAIAAAP\/\/\/\/\/\/\/yH5BAEKAAEALAAAAAABAAEAAAICTAEAOw==\" \/><\/a><\/div><\/div><div id=\"envira-gallery-item-26007\" class=\"envira-gallery-item enviratope-item envira-gallery-item-21 envira-lazy-load\" style=\"padding-left: 1px; padding-bottom: 1px; padding-right: 1px;\"  itemscope itemtype=\"https:\/\/schema.org\/ImageObject\"><div class=\"envira-gallery-item-inner\"><div class=\"envira-gallery-position-overlay  envira-gallery-top-left\"><\/div><div class=\"envira-gallery-position-overlay  envira-gallery-top-right\"><\/div><div class=\"envira-gallery-position-overlay  envira-gallery-bottom-left\"><\/div><div class=\"envira-gallery-position-overlay  envira-gallery-bottom-right\"><\/div><a href=\"https:\/\/www.lesgarszellesfontenoises.fr\/wp-content\/uploads\/2025\/09\/2025.09.28-Virades-Marathon-Tours-22.jpg\" class=\"envira-gallery-25986 envira-gallery-link\" rel=\"enviragallery25986\" title=\"2025.09.28 Virades + Marathon Tours (22)\" data-envira-caption=\"2025.09.28 Virades + Marathon Tours (22)\" data-envira-retina=\"\" data-thumbnail=\"\"  itemprop=\"contentUrl\"><img decoding=\"async\" id=\"envira-gallery-image-26007\" class=\"envira-gallery-image envira-gallery-image-21 envira-normal envira-lazy\" data-envira-index=\"21\" src=\"https:\/\/www.lesgarszellesfontenoises.fr\/wp-content\/uploads\/2025\/09\/2025.09.28-Virades-Marathon-Tours-22-768x1024-640x480.jpg\" data-envira-src=\"https:\/\/www.lesgarszellesfontenoises.fr\/wp-content\/uploads\/2025\/09\/2025.09.28-Virades-Marathon-Tours-22-768x1024-640x480.jpg\" data-envira-gallery-id=\"25986\" data-envira-item-id=\"26007\" data-envira-caption=\"2025.09.28 Virades + Marathon Tours (22)\" alt=\"\" title=\"2025.09.28 Virades + Marathon Tours (22)\"  itemprop=\"thumbnailUrl\" data-envira-srcset=\"https:\/\/www.lesgarszellesfontenoises.fr\/wp-content\/uploads\/2025\/09\/2025.09.28-Virades-Marathon-Tours-22-768x1024-640x480.jpg 400w,https:\/\/www.lesgarszellesfontenoises.fr\/wp-content\/uploads\/2025\/09\/2025.09.28-Virades-Marathon-Tours-22-768x1024-640x480.jpg 2x\" data-envira-width=\"225\" data-envira-height=\"300\" srcset=\"data:image\/gif;base64,R0lGODlhAQABAIAAAP\/\/\/\/\/\/\/yH5BAEKAAEALAAAAAABAAEAAAICTAEAOw==\" data-safe-src=\"data:image\/gif;base64,R0lGODlhAQABAIAAAP\/\/\/\/\/\/\/yH5BAEKAAEALAAAAAABAAEAAAICTAEAOw==\" \/><\/a><\/div><\/div><div id=\"envira-gallery-item-26008\" class=\"envira-gallery-item enviratope-item envira-gallery-item-22 envira-lazy-load\" style=\"padding-left: 1px; padding-bottom: 1px; padding-right: 1px;\"  itemscope itemtype=\"https:\/\/schema.org\/ImageObject\"><div class=\"envira-gallery-item-inner\"><div class=\"envira-gallery-position-overlay  envira-gallery-top-left\"><\/div><div class=\"envira-gallery-position-overlay  envira-gallery-top-right\"><\/div><div class=\"envira-gallery-position-overlay  envira-gallery-bottom-left\"><\/div><div class=\"envira-gallery-position-overlay  envira-gallery-bottom-right\"><\/div><a href=\"https:\/\/www.lesgarszellesfontenoises.fr\/wp-content\/uploads\/2025\/09\/2025.09.28-Virades-Marathon-Tours-23.jpg\" class=\"envira-gallery-25986 envira-gallery-link\" rel=\"enviragallery25986\" title=\"2025.09.28 Virades + Marathon Tours (23)\" data-envira-caption=\"2025.09.28 Virades + Marathon Tours (23)\" data-envira-retina=\"\" data-thumbnail=\"\"  itemprop=\"contentUrl\"><img decoding=\"async\" id=\"envira-gallery-image-26008\" class=\"envira-gallery-image envira-gallery-image-22 envira-normal envira-lazy\" data-envira-index=\"22\" src=\"https:\/\/www.lesgarszellesfontenoises.fr\/wp-content\/uploads\/2025\/09\/2025.09.28-Virades-Marathon-Tours-23-768x1024-640x480.jpg\" data-envira-src=\"https:\/\/www.lesgarszellesfontenoises.fr\/wp-content\/uploads\/2025\/09\/2025.09.28-Virades-Marathon-Tours-23-768x1024-640x480.jpg\" data-envira-gallery-id=\"25986\" data-envira-item-id=\"26008\" data-envira-caption=\"2025.09.28 Virades + Marathon Tours (23)\" alt=\"\" title=\"2025.09.28 Virades + Marathon Tours (23)\"  itemprop=\"thumbnailUrl\" data-envira-srcset=\"https:\/\/www.lesgarszellesfontenoises.fr\/wp-content\/uploads\/2025\/09\/2025.09.28-Virades-Marathon-Tours-23-768x1024-640x480.jpg 400w,https:\/\/www.lesgarszellesfontenoises.fr\/wp-content\/uploads\/2025\/09\/2025.09.28-Virades-Marathon-Tours-23-768x1024-640x480.jpg 2x\" data-envira-width=\"225\" data-envira-height=\"300\" srcset=\"data:image\/gif;base64,R0lGODlhAQABAIAAAP\/\/\/\/\/\/\/yH5BAEKAAEALAAAAAABAAEAAAICTAEAOw==\" data-safe-src=\"data:image\/gif;base64,R0lGODlhAQABAIAAAP\/\/\/\/\/\/\/yH5BAEKAAEALAAAAAABAAEAAAICTAEAOw==\" \/><\/a><\/div><\/div><div id=\"envira-gallery-item-26009\" class=\"envira-gallery-item enviratope-item envira-gallery-item-23 envira-lazy-load\" style=\"padding-left: 1px; padding-bottom: 1px; padding-right: 1px;\"  itemscope itemtype=\"https:\/\/schema.org\/ImageObject\"><div class=\"envira-gallery-item-inner\"><div class=\"envira-gallery-position-overlay  envira-gallery-top-left\"><\/div><div class=\"envira-gallery-position-overlay  envira-gallery-top-right\"><\/div><div class=\"envira-gallery-position-overlay  envira-gallery-bottom-left\"><\/div><div class=\"envira-gallery-position-overlay  envira-gallery-bottom-right\"><\/div><a href=\"https:\/\/www.lesgarszellesfontenoises.fr\/wp-content\/uploads\/2025\/09\/2025.09.28-Virades-Marathon-Tours-24.jpg\" class=\"envira-gallery-25986 envira-gallery-link\" rel=\"enviragallery25986\" title=\"2025.09.28 Virades + Marathon Tours (24)\" data-envira-caption=\"2025.09.28 Virades + Marathon Tours (24)\" data-envira-retina=\"\" data-thumbnail=\"\"  itemprop=\"contentUrl\"><img decoding=\"async\" id=\"envira-gallery-image-26009\" class=\"envira-gallery-image envira-gallery-image-23 envira-normal envira-lazy\" data-envira-index=\"23\" src=\"https:\/\/www.lesgarszellesfontenoises.fr\/wp-content\/uploads\/2025\/09\/2025.09.28-Virades-Marathon-Tours-24-768x1024-640x480.jpg\" data-envira-src=\"https:\/\/www.lesgarszellesfontenoises.fr\/wp-content\/uploads\/2025\/09\/2025.09.28-Virades-Marathon-Tours-24-768x1024-640x480.jpg\" data-envira-gallery-id=\"25986\" data-envira-item-id=\"26009\" data-envira-caption=\"2025.09.28 Virades + Marathon Tours (24)\" alt=\"\" title=\"2025.09.28 Virades + Marathon Tours (24)\"  itemprop=\"thumbnailUrl\" data-envira-srcset=\"https:\/\/www.lesgarszellesfontenoises.fr\/wp-content\/uploads\/2025\/09\/2025.09.28-Virades-Marathon-Tours-24-768x1024-640x480.jpg 400w,https:\/\/www.lesgarszellesfontenoises.fr\/wp-content\/uploads\/2025\/09\/2025.09.28-Virades-Marathon-Tours-24-768x1024-640x480.jpg 2x\" data-envira-width=\"225\" data-envira-height=\"300\" srcset=\"data:image\/gif;base64,R0lGODlhAQABAIAAAP\/\/\/\/\/\/\/yH5BAEKAAEALAAAAAABAAEAAAICTAEAOw==\" data-safe-src=\"data:image\/gif;base64,R0lGODlhAQABAIAAAP\/\/\/\/\/\/\/yH5BAEKAAEALAAAAAABAAEAAAICTAEAOw==\" \/><\/a><\/div><\/div><div id=\"envira-gallery-item-26010\" class=\"envira-gallery-item enviratope-item envira-gallery-item-24 envira-lazy-load\" style=\"padding-left: 1px; padding-bottom: 1px; padding-right: 1px;\"  itemscope itemtype=\"https:\/\/schema.org\/ImageObject\"><div class=\"envira-gallery-item-inner\"><div class=\"envira-gallery-position-overlay  envira-gallery-top-left\"><\/div><div class=\"envira-gallery-position-overlay  envira-gallery-top-right\"><\/div><div class=\"envira-gallery-position-overlay  envira-gallery-bottom-left\"><\/div><div class=\"envira-gallery-position-overlay  envira-gallery-bottom-right\"><\/div><a href=\"https:\/\/www.lesgarszellesfontenoises.fr\/wp-content\/uploads\/2025\/09\/2025.09.28-Virades-Marathon-Tours-25.jpg\" class=\"envira-gallery-25986 envira-gallery-link\" rel=\"enviragallery25986\" title=\"2025.09.28 Virades + Marathon Tours (25)\" data-envira-caption=\"2025.09.28 Virades + Marathon Tours (25)\" data-envira-retina=\"\" data-thumbnail=\"\"  itemprop=\"contentUrl\"><img decoding=\"async\" id=\"envira-gallery-image-26010\" class=\"envira-gallery-image envira-gallery-image-24 envira-normal envira-lazy\" data-envira-index=\"24\" src=\"https:\/\/www.lesgarszellesfontenoises.fr\/wp-content\/uploads\/2025\/09\/2025.09.28-Virades-Marathon-Tours-25-768x1024-640x480.jpg\" data-envira-src=\"https:\/\/www.lesgarszellesfontenoises.fr\/wp-content\/uploads\/2025\/09\/2025.09.28-Virades-Marathon-Tours-25-768x1024-640x480.jpg\" data-envira-gallery-id=\"25986\" data-envira-item-id=\"26010\" data-envira-caption=\"2025.09.28 Virades + Marathon Tours (25)\" alt=\"\" title=\"2025.09.28 Virades + Marathon Tours (25)\"  itemprop=\"thumbnailUrl\" data-envira-srcset=\"https:\/\/www.lesgarszellesfontenoises.fr\/wp-content\/uploads\/2025\/09\/2025.09.28-Virades-Marathon-Tours-25-768x1024-640x480.jpg 400w,https:\/\/www.lesgarszellesfontenoises.fr\/wp-content\/uploads\/2025\/09\/2025.09.28-Virades-Marathon-Tours-25-768x1024-640x480.jpg 2x\" data-envira-width=\"225\" data-envira-height=\"300\" srcset=\"data:image\/gif;base64,R0lGODlhAQABAIAAAP\/\/\/\/\/\/\/yH5BAEKAAEALAAAAAABAAEAAAICTAEAOw==\" data-safe-src=\"data:image\/gif;base64,R0lGODlhAQABAIAAAP\/\/\/\/\/\/\/yH5BAEKAAEALAAAAAABAAEAAAICTAEAOw==\" \/><\/a><\/div><\/div><div id=\"envira-gallery-item-26011\" class=\"envira-gallery-item enviratope-item envira-gallery-item-25 envira-lazy-load\" style=\"padding-left: 1px; padding-bottom: 1px; padding-right: 1px;\"  itemscope itemtype=\"https:\/\/schema.org\/ImageObject\"><div class=\"envira-gallery-item-inner\"><div class=\"envira-gallery-position-overlay  envira-gallery-top-left\"><\/div><div class=\"envira-gallery-position-overlay  envira-gallery-top-right\"><\/div><div class=\"envira-gallery-position-overlay  envira-gallery-bottom-left\"><\/div><div class=\"envira-gallery-position-overlay  envira-gallery-bottom-right\"><\/div><a href=\"https:\/\/www.lesgarszellesfontenoises.fr\/wp-content\/uploads\/2025\/09\/2025.09.28-Virades-Marathon-Tours-26.jpg\" class=\"envira-gallery-25986 envira-gallery-link\" rel=\"enviragallery25986\" title=\"2025.09.28 Virades + Marathon Tours (26)\" data-envira-caption=\"2025.09.28 Virades + Marathon Tours (26)\" data-envira-retina=\"\" data-thumbnail=\"\"  itemprop=\"contentUrl\"><img decoding=\"async\" id=\"envira-gallery-image-26011\" class=\"envira-gallery-image envira-gallery-image-25 envira-normal envira-lazy\" data-envira-index=\"25\" src=\"https:\/\/www.lesgarszellesfontenoises.fr\/wp-content\/uploads\/2025\/09\/2025.09.28-Virades-Marathon-Tours-26-1024x768-640x480.jpg\" data-envira-src=\"https:\/\/www.lesgarszellesfontenoises.fr\/wp-content\/uploads\/2025\/09\/2025.09.28-Virades-Marathon-Tours-26-1024x768-640x480.jpg\" data-envira-gallery-id=\"25986\" data-envira-item-id=\"26011\" data-envira-caption=\"2025.09.28 Virades + Marathon Tours (26)\" alt=\"\" title=\"2025.09.28 Virades + Marathon Tours (26)\"  itemprop=\"thumbnailUrl\" data-envira-srcset=\"https:\/\/www.lesgarszellesfontenoises.fr\/wp-content\/uploads\/2025\/09\/2025.09.28-Virades-Marathon-Tours-26-1024x768-640x480.jpg 400w,https:\/\/www.lesgarszellesfontenoises.fr\/wp-content\/uploads\/2025\/09\/2025.09.28-Virades-Marathon-Tours-26-1024x768-640x480.jpg 2x\" data-envira-width=\"300\" data-envira-height=\"225\" srcset=\"data:image\/gif;base64,R0lGODlhAQABAIAAAP\/\/\/\/\/\/\/yH5BAEKAAEALAAAAAABAAEAAAICTAEAOw==\" data-safe-src=\"data:image\/gif;base64,R0lGODlhAQABAIAAAP\/\/\/\/\/\/\/yH5BAEKAAEALAAAAAABAAEAAAICTAEAOw==\" \/><\/a><\/div><\/div><div id=\"envira-gallery-item-26012\" class=\"envira-gallery-item enviratope-item envira-gallery-item-26 envira-lazy-load\" style=\"padding-left: 1px; padding-bottom: 1px; padding-right: 1px;\"  itemscope itemtype=\"https:\/\/schema.org\/ImageObject\"><div class=\"envira-gallery-item-inner\"><div class=\"envira-gallery-position-overlay  envira-gallery-top-left\"><\/div><div class=\"envira-gallery-position-overlay  envira-gallery-top-right\"><\/div><div class=\"envira-gallery-position-overlay  envira-gallery-bottom-left\"><\/div><div class=\"envira-gallery-position-overlay  envira-gallery-bottom-right\"><\/div><a href=\"https:\/\/www.lesgarszellesfontenoises.fr\/wp-content\/uploads\/2025\/09\/2025.09.28-Virades-Marathon-Tours-27.jpg\" class=\"envira-gallery-25986 envira-gallery-link\" rel=\"enviragallery25986\" title=\"2025.09.28 Virades + Marathon Tours (27)\" data-envira-caption=\"2025.09.28 Virades + Marathon Tours (27)\" data-envira-retina=\"\" data-thumbnail=\"\"  itemprop=\"contentUrl\"><img decoding=\"async\" id=\"envira-gallery-image-26012\" class=\"envira-gallery-image envira-gallery-image-26 envira-normal envira-lazy\" data-envira-index=\"26\" src=\"https:\/\/www.lesgarszellesfontenoises.fr\/wp-content\/uploads\/2025\/09\/2025.09.28-Virades-Marathon-Tours-27-768x1024-640x480.jpg\" data-envira-src=\"https:\/\/www.lesgarszellesfontenoises.fr\/wp-content\/uploads\/2025\/09\/2025.09.28-Virades-Marathon-Tours-27-768x1024-640x480.jpg\" data-envira-gallery-id=\"25986\" data-envira-item-id=\"26012\" data-envira-caption=\"2025.09.28 Virades + Marathon Tours (27)\" alt=\"\" title=\"2025.09.28 Virades + Marathon Tours (27)\"  itemprop=\"thumbnailUrl\" data-envira-srcset=\"https:\/\/www.lesgarszellesfontenoises.fr\/wp-content\/uploads\/2025\/09\/2025.09.28-Virades-Marathon-Tours-27-768x1024-640x480.jpg 400w,https:\/\/www.lesgarszellesfontenoises.fr\/wp-content\/uploads\/2025\/09\/2025.09.28-Virades-Marathon-Tours-27-768x1024-640x480.jpg 2x\" data-envira-width=\"225\" data-envira-height=\"300\" srcset=\"data:image\/gif;base64,R0lGODlhAQABAIAAAP\/\/\/\/\/\/\/yH5BAEKAAEALAAAAAABAAEAAAICTAEAOw==\" data-safe-src=\"data:image\/gif;base64,R0lGODlhAQABAIAAAP\/\/\/\/\/\/\/yH5BAEKAAEALAAAAAABAAEAAAICTAEAOw==\" \/><\/a><\/div><\/div><div id=\"envira-gallery-item-26013\" class=\"envira-gallery-item enviratope-item envira-gallery-item-27 envira-lazy-load\" style=\"padding-left: 1px; padding-bottom: 1px; padding-right: 1px;\"  itemscope itemtype=\"https:\/\/schema.org\/ImageObject\"><div class=\"envira-gallery-item-inner\"><div class=\"envira-gallery-position-overlay  envira-gallery-top-left\"><\/div><div class=\"envira-gallery-position-overlay  envira-gallery-top-right\"><\/div><div class=\"envira-gallery-position-overlay  envira-gallery-bottom-left\"><\/div><div class=\"envira-gallery-position-overlay  envira-gallery-bottom-right\"><\/div><a href=\"https:\/\/www.lesgarszellesfontenoises.fr\/wp-content\/uploads\/2025\/09\/2025.09.28-Virades-Marathon-Tours-28.jpg\" class=\"envira-gallery-25986 envira-gallery-link\" rel=\"enviragallery25986\" title=\"2025.09.28 Virades + Marathon Tours (28)\" data-envira-caption=\"2025.09.28 Virades + Marathon Tours (28)\" data-envira-retina=\"\" data-thumbnail=\"\"  itemprop=\"contentUrl\"><img decoding=\"async\" id=\"envira-gallery-image-26013\" class=\"envira-gallery-image envira-gallery-image-27 envira-normal envira-lazy\" data-envira-index=\"27\" src=\"https:\/\/www.lesgarszellesfontenoises.fr\/wp-content\/uploads\/2025\/09\/2025.09.28-Virades-Marathon-Tours-28-768x1024-640x480.jpg\" data-envira-src=\"https:\/\/www.lesgarszellesfontenoises.fr\/wp-content\/uploads\/2025\/09\/2025.09.28-Virades-Marathon-Tours-28-768x1024-640x480.jpg\" data-envira-gallery-id=\"25986\" data-envira-item-id=\"26013\" data-envira-caption=\"2025.09.28 Virades + Marathon Tours (28)\" alt=\"\" title=\"2025.09.28 Virades + Marathon Tours (28)\"  itemprop=\"thumbnailUrl\" data-envira-srcset=\"https:\/\/www.lesgarszellesfontenoises.fr\/wp-content\/uploads\/2025\/09\/2025.09.28-Virades-Marathon-Tours-28-768x1024-640x480.jpg 400w,https:\/\/www.lesgarszellesfontenoises.fr\/wp-content\/uploads\/2025\/09\/2025.09.28-Virades-Marathon-Tours-28-768x1024-640x480.jpg 2x\" data-envira-width=\"225\" data-envira-height=\"300\" srcset=\"data:image\/gif;base64,R0lGODlhAQABAIAAAP\/\/\/\/\/\/\/yH5BAEKAAEALAAAAAABAAEAAAICTAEAOw==\" data-safe-src=\"data:image\/gif;base64,R0lGODlhAQABAIAAAP\/\/\/\/\/\/\/yH5BAEKAAEALAAAAAABAAEAAAICTAEAOw==\" \/><\/a><\/div><\/div><div id=\"envira-gallery-item-26014\" class=\"envira-gallery-item enviratope-item envira-gallery-item-28 envira-lazy-load\" style=\"padding-left: 1px; padding-bottom: 1px; padding-right: 1px;\"  itemscope itemtype=\"https:\/\/schema.org\/ImageObject\"><div class=\"envira-gallery-item-inner\"><div class=\"envira-gallery-position-overlay  envira-gallery-top-left\"><\/div><div class=\"envira-gallery-position-overlay  envira-gallery-top-right\"><\/div><div class=\"envira-gallery-position-overlay  envira-gallery-bottom-left\"><\/div><div class=\"envira-gallery-position-overlay  envira-gallery-bottom-right\"><\/div><a href=\"https:\/\/www.lesgarszellesfontenoises.fr\/wp-content\/uploads\/2025\/09\/2025.09.28-Virades-Marathon-Tours-29.jpg\" class=\"envira-gallery-25986 envira-gallery-link\" rel=\"enviragallery25986\" title=\"2025.09.28 Virades + Marathon Tours (29)\" data-envira-caption=\"2025.09.28 Virades + Marathon Tours (29)\" data-envira-retina=\"\" data-thumbnail=\"\"  itemprop=\"contentUrl\"><img decoding=\"async\" id=\"envira-gallery-image-26014\" class=\"envira-gallery-image envira-gallery-image-28 envira-normal envira-lazy\" data-envira-index=\"28\" src=\"https:\/\/www.lesgarszellesfontenoises.fr\/wp-content\/uploads\/2025\/09\/2025.09.28-Virades-Marathon-Tours-29-768x1024-640x480.jpg\" data-envira-src=\"https:\/\/www.lesgarszellesfontenoises.fr\/wp-content\/uploads\/2025\/09\/2025.09.28-Virades-Marathon-Tours-29-768x1024-640x480.jpg\" data-envira-gallery-id=\"25986\" data-envira-item-id=\"26014\" data-envira-caption=\"2025.09.28 Virades + Marathon Tours (29)\" alt=\"\" title=\"2025.09.28 Virades + Marathon Tours (29)\"  itemprop=\"thumbnailUrl\" data-envira-srcset=\"https:\/\/www.lesgarszellesfontenoises.fr\/wp-content\/uploads\/2025\/09\/2025.09.28-Virades-Marathon-Tours-29-768x1024-640x480.jpg 400w,https:\/\/www.lesgarszellesfontenoises.fr\/wp-content\/uploads\/2025\/09\/2025.09.28-Virades-Marathon-Tours-29-768x1024-640x480.jpg 2x\" data-envira-width=\"225\" data-envira-height=\"300\" srcset=\"data:image\/gif;base64,R0lGODlhAQABAIAAAP\/\/\/\/\/\/\/yH5BAEKAAEALAAAAAABAAEAAAICTAEAOw==\" data-safe-src=\"data:image\/gif;base64,R0lGODlhAQABAIAAAP\/\/\/\/\/\/\/yH5BAEKAAEALAAAAAABAAEAAAICTAEAOw==\" \/><\/a><\/div><\/div><div id=\"envira-gallery-item-26015\" class=\"envira-gallery-item enviratope-item envira-gallery-item-29 envira-lazy-load\" style=\"padding-left: 1px; padding-bottom: 1px; padding-right: 1px;\"  itemscope itemtype=\"https:\/\/schema.org\/ImageObject\"><div class=\"envira-gallery-item-inner\"><div class=\"envira-gallery-position-overlay  envira-gallery-top-left\"><\/div><div class=\"envira-gallery-position-overlay  envira-gallery-top-right\"><\/div><div class=\"envira-gallery-position-overlay  envira-gallery-bottom-left\"><\/div><div class=\"envira-gallery-position-overlay  envira-gallery-bottom-right\"><\/div><a href=\"https:\/\/www.lesgarszellesfontenoises.fr\/wp-content\/uploads\/2025\/09\/2025.09.28-Virades-Marathon-Tours-31.jpg\" class=\"envira-gallery-25986 envira-gallery-link\" rel=\"enviragallery25986\" title=\"2025.09.28 Virades + Marathon Tours (31)\" data-envira-caption=\"2025.09.28 Virades + Marathon Tours (31)\" data-envira-retina=\"\" data-thumbnail=\"\"  itemprop=\"contentUrl\"><img decoding=\"async\" id=\"envira-gallery-image-26015\" class=\"envira-gallery-image envira-gallery-image-29 envira-normal envira-lazy\" data-envira-index=\"29\" src=\"https:\/\/www.lesgarszellesfontenoises.fr\/wp-content\/uploads\/2025\/09\/2025.09.28-Virades-Marathon-Tours-31-768x1024-640x480.jpg\" data-envira-src=\"https:\/\/www.lesgarszellesfontenoises.fr\/wp-content\/uploads\/2025\/09\/2025.09.28-Virades-Marathon-Tours-31-768x1024-640x480.jpg\" data-envira-gallery-id=\"25986\" data-envira-item-id=\"26015\" data-envira-caption=\"2025.09.28 Virades + Marathon Tours (31)\" alt=\"\" title=\"2025.09.28 Virades + Marathon Tours (31)\"  itemprop=\"thumbnailUrl\" data-envira-srcset=\"https:\/\/www.lesgarszellesfontenoises.fr\/wp-content\/uploads\/2025\/09\/2025.09.28-Virades-Marathon-Tours-31-768x1024-640x480.jpg 400w,https:\/\/www.lesgarszellesfontenoises.fr\/wp-content\/uploads\/2025\/09\/2025.09.28-Virades-Marathon-Tours-31-768x1024-640x480.jpg 2x\" data-envira-width=\"225\" data-envira-height=\"300\" srcset=\"data:image\/gif;base64,R0lGODlhAQABAIAAAP\/\/\/\/\/\/\/yH5BAEKAAEALAAAAAABAAEAAAICTAEAOw==\" data-safe-src=\"data:image\/gif;base64,R0lGODlhAQABAIAAAP\/\/\/\/\/\/\/yH5BAEKAAEALAAAAAABAAEAAAICTAEAOw==\" \/><\/a><\/div><\/div><div id=\"envira-gallery-item-26016\" class=\"envira-gallery-item enviratope-item envira-gallery-item-30 envira-lazy-load\" style=\"padding-left: 1px; padding-bottom: 1px; padding-right: 1px;\"  itemscope itemtype=\"https:\/\/schema.org\/ImageObject\"><div class=\"envira-gallery-item-inner\"><div class=\"envira-gallery-position-overlay  envira-gallery-top-left\"><\/div><div class=\"envira-gallery-position-overlay  envira-gallery-top-right\"><\/div><div class=\"envira-gallery-position-overlay  envira-gallery-bottom-left\"><\/div><div class=\"envira-gallery-position-overlay  envira-gallery-bottom-right\"><\/div><a href=\"https:\/\/www.lesgarszellesfontenoises.fr\/wp-content\/uploads\/2025\/09\/2025.09.28-Virades-Marathon-Tours-32.jpg\" class=\"envira-gallery-25986 envira-gallery-link\" rel=\"enviragallery25986\" title=\"2025.09.28 Virades + Marathon Tours (32)\" data-envira-caption=\"2025.09.28 Virades + Marathon Tours (32)\" data-envira-retina=\"\" data-thumbnail=\"\"  itemprop=\"contentUrl\"><img decoding=\"async\" id=\"envira-gallery-image-26016\" class=\"envira-gallery-image envira-gallery-image-30 envira-normal envira-lazy\" data-envira-index=\"30\" src=\"https:\/\/www.lesgarszellesfontenoises.fr\/wp-content\/uploads\/2025\/09\/2025.09.28-Virades-Marathon-Tours-32-768x1024-640x480.jpg\" data-envira-src=\"https:\/\/www.lesgarszellesfontenoises.fr\/wp-content\/uploads\/2025\/09\/2025.09.28-Virades-Marathon-Tours-32-768x1024-640x480.jpg\" data-envira-gallery-id=\"25986\" data-envira-item-id=\"26016\" data-envira-caption=\"2025.09.28 Virades + Marathon Tours (32)\" alt=\"\" title=\"2025.09.28 Virades + Marathon Tours (32)\"  itemprop=\"thumbnailUrl\" data-envira-srcset=\"https:\/\/www.lesgarszellesfontenoises.fr\/wp-content\/uploads\/2025\/09\/2025.09.28-Virades-Marathon-Tours-32-768x1024-640x480.jpg 400w,https:\/\/www.lesgarszellesfontenoises.fr\/wp-content\/uploads\/2025\/09\/2025.09.28-Virades-Marathon-Tours-32-768x1024-640x480.jpg 2x\" data-envira-width=\"225\" data-envira-height=\"300\" srcset=\"data:image\/gif;base64,R0lGODlhAQABAIAAAP\/\/\/\/\/\/\/yH5BAEKAAEALAAAAAABAAEAAAICTAEAOw==\" data-safe-src=\"data:image\/gif;base64,R0lGODlhAQABAIAAAP\/\/\/\/\/\/\/yH5BAEKAAEALAAAAAABAAEAAAICTAEAOw==\" \/><\/a><\/div><\/div><div id=\"envira-gallery-item-26017\" class=\"envira-gallery-item enviratope-item envira-gallery-item-31 envira-lazy-load\" style=\"padding-left: 1px; padding-bottom: 1px; padding-right: 1px;\"  itemscope itemtype=\"https:\/\/schema.org\/ImageObject\"><div class=\"envira-gallery-item-inner\"><div class=\"envira-gallery-position-overlay  envira-gallery-top-left\"><\/div><div class=\"envira-gallery-position-overlay  envira-gallery-top-right\"><\/div><div class=\"envira-gallery-position-overlay  envira-gallery-bottom-left\"><\/div><div class=\"envira-gallery-position-overlay  envira-gallery-bottom-right\"><\/div><a href=\"https:\/\/www.lesgarszellesfontenoises.fr\/wp-content\/uploads\/2025\/09\/2025.09.28-Virades-Marathon-Tours-33.jpg\" class=\"envira-gallery-25986 envira-gallery-link\" rel=\"enviragallery25986\" title=\"2025.09.28 Virades + Marathon Tours (33)\" data-envira-caption=\"2025.09.28 Virades + Marathon Tours (33)\" data-envira-retina=\"\" data-thumbnail=\"\"  itemprop=\"contentUrl\"><img decoding=\"async\" id=\"envira-gallery-image-26017\" class=\"envira-gallery-image envira-gallery-image-31 envira-normal envira-lazy\" data-envira-index=\"31\" src=\"https:\/\/www.lesgarszellesfontenoises.fr\/wp-content\/uploads\/2025\/09\/2025.09.28-Virades-Marathon-Tours-33-768x1024-640x480.jpg\" data-envira-src=\"https:\/\/www.lesgarszellesfontenoises.fr\/wp-content\/uploads\/2025\/09\/2025.09.28-Virades-Marathon-Tours-33-768x1024-640x480.jpg\" data-envira-gallery-id=\"25986\" data-envira-item-id=\"26017\" data-envira-caption=\"2025.09.28 Virades + Marathon Tours (33)\" alt=\"\" title=\"2025.09.28 Virades + Marathon Tours (33)\"  itemprop=\"thumbnailUrl\" data-envira-srcset=\"https:\/\/www.lesgarszellesfontenoises.fr\/wp-content\/uploads\/2025\/09\/2025.09.28-Virades-Marathon-Tours-33-768x1024-640x480.jpg 400w,https:\/\/www.lesgarszellesfontenoises.fr\/wp-content\/uploads\/2025\/09\/2025.09.28-Virades-Marathon-Tours-33-768x1024-640x480.jpg 2x\" data-envira-width=\"225\" data-envira-height=\"300\" srcset=\"data:image\/gif;base64,R0lGODlhAQABAIAAAP\/\/\/\/\/\/\/yH5BAEKAAEALAAAAAABAAEAAAICTAEAOw==\" data-safe-src=\"data:image\/gif;base64,R0lGODlhAQABAIAAAP\/\/\/\/\/\/\/yH5BAEKAAEALAAAAAABAAEAAAICTAEAOw==\" \/><\/a><\/div><\/div><div id=\"envira-gallery-item-26018\" class=\"envira-gallery-item enviratope-item envira-gallery-item-32 envira-lazy-load\" style=\"padding-left: 1px; padding-bottom: 1px; padding-right: 1px;\"  itemscope itemtype=\"https:\/\/schema.org\/ImageObject\"><div class=\"envira-gallery-item-inner\"><div class=\"envira-gallery-position-overlay  envira-gallery-top-left\"><\/div><div class=\"envira-gallery-position-overlay  envira-gallery-top-right\"><\/div><div class=\"envira-gallery-position-overlay  envira-gallery-bottom-left\"><\/div><div class=\"envira-gallery-position-overlay  envira-gallery-bottom-right\"><\/div><a href=\"https:\/\/www.lesgarszellesfontenoises.fr\/wp-content\/uploads\/2025\/09\/2025.09.28-Virades-Marathon-Tours-Groupe.jpg\" class=\"envira-gallery-25986 envira-gallery-link\" rel=\"enviragallery25986\" title=\"2025.09.28 Virades + Marathon Tours Groupe\" data-envira-caption=\"2025.09.28 Virades + Marathon Tours Groupe\" data-envira-retina=\"\" data-thumbnail=\"\"  itemprop=\"contentUrl\"><img decoding=\"async\" id=\"envira-gallery-image-26018\" class=\"envira-gallery-image envira-gallery-image-32 envira-normal envira-lazy\" data-envira-index=\"32\" src=\"https:\/\/www.lesgarszellesfontenoises.fr\/wp-content\/uploads\/2025\/09\/2025.09.28-Virades-Marathon-Tours-Groupe-1024x768-640x480.jpg\" data-envira-src=\"https:\/\/www.lesgarszellesfontenoises.fr\/wp-content\/uploads\/2025\/09\/2025.09.28-Virades-Marathon-Tours-Groupe-1024x768-640x480.jpg\" data-envira-gallery-id=\"25986\" data-envira-item-id=\"26018\" data-envira-caption=\"2025.09.28 Virades + Marathon Tours Groupe\" alt=\"\" title=\"2025.09.28 Virades + Marathon Tours Groupe\"  itemprop=\"thumbnailUrl\" data-envira-srcset=\"https:\/\/www.lesgarszellesfontenoises.fr\/wp-content\/uploads\/2025\/09\/2025.09.28-Virades-Marathon-Tours-Groupe-1024x768-640x480.jpg 400w,https:\/\/www.lesgarszellesfontenoises.fr\/wp-content\/uploads\/2025\/09\/2025.09.28-Virades-Marathon-Tours-Groupe-1024x768-640x480.jpg 2x\" data-envira-width=\"300\" data-envira-height=\"225\" srcset=\"data:image\/gif;base64,R0lGODlhAQABAIAAAP\/\/\/\/\/\/\/yH5BAEKAAEALAAAAAABAAEAAAICTAEAOw==\" data-safe-src=\"data:image\/gif;base64,R0lGODlhAQABAIAAAP\/\/\/\/\/\/\/yH5BAEKAAEALAAAAAABAAEAAAICTAEAOw==\" \/><\/a><\/div><\/div><div id=\"envira-gallery-item-26023\" class=\"envira-gallery-item enviratope-item envira-gallery-item-33 envira-lazy-load\" style=\"padding-left: 1px; padding-bottom: 1px; padding-right: 1px;\"  itemscope itemtype=\"https:\/\/schema.org\/ImageObject\"><div class=\"envira-gallery-item-inner\"><div class=\"envira-gallery-position-overlay  envira-gallery-top-left\"><\/div><div class=\"envira-gallery-position-overlay  envira-gallery-top-right\"><\/div><div class=\"envira-gallery-position-overlay  envira-gallery-bottom-left\"><\/div><div class=\"envira-gallery-position-overlay  envira-gallery-bottom-right\"><\/div><a href=\"https:\/\/www.lesgarszellesfontenoises.fr\/wp-content\/uploads\/2025\/09\/2025.09.28-Virades-Marathon-Tours-34.jpg\" class=\"envira-gallery-25986 envira-gallery-link\" rel=\"enviragallery25986\" title=\"2025.09.28 Virades + Marathon Tours (34)\" data-envira-caption=\"2025.09.28 Virades + Marathon Tours (34)\" data-envira-retina=\"\" data-thumbnail=\"\"  itemprop=\"contentUrl\"><img decoding=\"async\" id=\"envira-gallery-image-26023\" class=\"envira-gallery-image envira-gallery-image-33 envira-normal envira-lazy\" data-envira-index=\"33\" src=\"https:\/\/www.lesgarszellesfontenoises.fr\/wp-content\/uploads\/2025\/09\/2025.09.28-Virades-Marathon-Tours-34-768x1024-640x480.jpg\" data-envira-src=\"https:\/\/www.lesgarszellesfontenoises.fr\/wp-content\/uploads\/2025\/09\/2025.09.28-Virades-Marathon-Tours-34-768x1024-640x480.jpg\" data-envira-gallery-id=\"25986\" data-envira-item-id=\"26023\" data-envira-caption=\"2025.09.28 Virades + Marathon Tours (34)\" alt=\"\" title=\"2025.09.28 Virades + Marathon Tours (34)\"  itemprop=\"thumbnailUrl\" data-envira-srcset=\"https:\/\/www.lesgarszellesfontenoises.fr\/wp-content\/uploads\/2025\/09\/2025.09.28-Virades-Marathon-Tours-34-768x1024-640x480.jpg 400w,https:\/\/www.lesgarszellesfontenoises.fr\/wp-content\/uploads\/2025\/09\/2025.09.28-Virades-Marathon-Tours-34-768x1024-640x480.jpg 2x\" data-envira-width=\"225\" data-envira-height=\"300\" srcset=\"data:image\/gif;base64,R0lGODlhAQABAIAAAP\/\/\/\/\/\/\/yH5BAEKAAEALAAAAAABAAEAAAICTAEAOw==\" data-safe-src=\"data:image\/gif;base64,R0lGODlhAQABAIAAAP\/\/\/\/\/\/\/yH5BAEKAAEALAAAAAABAAEAAAICTAEAOw==\" \/><\/a><\/div><\/div><div id=\"envira-gallery-item-26024\" class=\"envira-gallery-item enviratope-item envira-gallery-item-34 envira-lazy-load\" style=\"padding-left: 1px; padding-bottom: 1px; padding-right: 1px;\"  itemscope itemtype=\"https:\/\/schema.org\/ImageObject\"><div class=\"envira-gallery-item-inner\"><div class=\"envira-gallery-position-overlay  envira-gallery-top-left\"><\/div><div class=\"envira-gallery-position-overlay  envira-gallery-top-right\"><\/div><div class=\"envira-gallery-position-overlay  envira-gallery-bottom-left\"><\/div><div class=\"envira-gallery-position-overlay  envira-gallery-bottom-right\"><\/div><a href=\"https:\/\/www.lesgarszellesfontenoises.fr\/wp-content\/uploads\/2025\/09\/2025.09.28-Virades-Marathon-Tours-35.jpg\" class=\"envira-gallery-25986 envira-gallery-link\" rel=\"enviragallery25986\" title=\"2025.09.28 Virades + Marathon Tours (35)\" data-envira-caption=\"2025.09.28 Virades + Marathon Tours (35)\" data-envira-retina=\"\" data-thumbnail=\"\"  itemprop=\"contentUrl\"><img decoding=\"async\" id=\"envira-gallery-image-26024\" class=\"envira-gallery-image envira-gallery-image-34 envira-normal envira-lazy\" data-envira-index=\"34\" src=\"https:\/\/www.lesgarszellesfontenoises.fr\/wp-content\/uploads\/2025\/09\/2025.09.28-Virades-Marathon-Tours-35-567x1024-640x480.jpg\" data-envira-src=\"https:\/\/www.lesgarszellesfontenoises.fr\/wp-content\/uploads\/2025\/09\/2025.09.28-Virades-Marathon-Tours-35-567x1024-640x480.jpg\" data-envira-gallery-id=\"25986\" data-envira-item-id=\"26024\" data-envira-caption=\"2025.09.28 Virades + Marathon Tours (35)\" alt=\"\" title=\"2025.09.28 Virades + Marathon Tours (35)\"  itemprop=\"thumbnailUrl\" data-envira-srcset=\"https:\/\/www.lesgarszellesfontenoises.fr\/wp-content\/uploads\/2025\/09\/2025.09.28-Virades-Marathon-Tours-35-567x1024-640x480.jpg 400w,https:\/\/www.lesgarszellesfontenoises.fr\/wp-content\/uploads\/2025\/09\/2025.09.28-Virades-Marathon-Tours-35-567x1024-640x480.jpg 2x\" data-envira-width=\"166\" data-envira-height=\"300\" srcset=\"data:image\/gif;base64,R0lGODlhAQABAIAAAP\/\/\/\/\/\/\/yH5BAEKAAEALAAAAAABAAEAAAICTAEAOw==\" data-safe-src=\"data:image\/gif;base64,R0lGODlhAQABAIAAAP\/\/\/\/\/\/\/yH5BAEKAAEALAAAAAABAAEAAAICTAEAOw==\" \/><\/a><\/div><\/div><div id=\"envira-gallery-item-26025\" class=\"envira-gallery-item enviratope-item envira-gallery-item-35 envira-lazy-load\" style=\"padding-left: 1px; padding-bottom: 1px; padding-right: 1px;\"  itemscope itemtype=\"https:\/\/schema.org\/ImageObject\"><div class=\"envira-gallery-item-inner\"><div class=\"envira-gallery-position-overlay  envira-gallery-top-left\"><\/div><div class=\"envira-gallery-position-overlay  envira-gallery-top-right\"><\/div><div class=\"envira-gallery-position-overlay  envira-gallery-bottom-left\"><\/div><div class=\"envira-gallery-position-overlay  envira-gallery-bottom-right\"><\/div><a href=\"https:\/\/www.lesgarszellesfontenoises.fr\/wp-content\/uploads\/2025\/09\/2025.09.28-Virades-Marathon-Tours-36.jpg\" class=\"envira-gallery-25986 envira-gallery-link\" rel=\"enviragallery25986\" title=\"2025.09.28 Virades + Marathon Tours (36)\" data-envira-caption=\"2025.09.28 Virades + Marathon Tours (36)\" data-envira-retina=\"\" data-thumbnail=\"\"  itemprop=\"contentUrl\"><img decoding=\"async\" id=\"envira-gallery-image-26025\" class=\"envira-gallery-image envira-gallery-image-35 envira-normal envira-lazy\" data-envira-index=\"35\" src=\"https:\/\/www.lesgarszellesfontenoises.fr\/wp-content\/uploads\/2025\/09\/2025.09.28-Virades-Marathon-Tours-36-768x1024-640x480.jpg\" data-envira-src=\"https:\/\/www.lesgarszellesfontenoises.fr\/wp-content\/uploads\/2025\/09\/2025.09.28-Virades-Marathon-Tours-36-768x1024-640x480.jpg\" data-envira-gallery-id=\"25986\" data-envira-item-id=\"26025\" data-envira-caption=\"2025.09.28 Virades + Marathon Tours (36)\" alt=\"\" title=\"2025.09.28 Virades + Marathon Tours (36)\"  itemprop=\"thumbnailUrl\" data-envira-srcset=\"https:\/\/www.lesgarszellesfontenoises.fr\/wp-content\/uploads\/2025\/09\/2025.09.28-Virades-Marathon-Tours-36-768x1024-640x480.jpg 400w,https:\/\/www.lesgarszellesfontenoises.fr\/wp-content\/uploads\/2025\/09\/2025.09.28-Virades-Marathon-Tours-36-768x1024-640x480.jpg 2x\" data-envira-width=\"225\" data-envira-height=\"300\" srcset=\"data:image\/gif;base64,R0lGODlhAQABAIAAAP\/\/\/\/\/\/\/yH5BAEKAAEALAAAAAABAAEAAAICTAEAOw==\" data-safe-src=\"data:image\/gif;base64,R0lGODlhAQABAIAAAP\/\/\/\/\/\/\/yH5BAEKAAEALAAAAAABAAEAAAICTAEAOw==\" \/><\/a><\/div><\/div><div id=\"envira-gallery-item-26026\" class=\"envira-gallery-item enviratope-item envira-gallery-item-36 envira-lazy-load\" style=\"padding-left: 1px; padding-bottom: 1px; padding-right: 1px;\"  itemscope itemtype=\"https:\/\/schema.org\/ImageObject\"><div class=\"envira-gallery-item-inner\"><div class=\"envira-gallery-position-overlay  envira-gallery-top-left\"><\/div><div class=\"envira-gallery-position-overlay  envira-gallery-top-right\"><\/div><div class=\"envira-gallery-position-overlay  envira-gallery-bottom-left\"><\/div><div class=\"envira-gallery-position-overlay  envira-gallery-bottom-right\"><\/div><a href=\"https:\/\/www.lesgarszellesfontenoises.fr\/wp-content\/uploads\/2025\/09\/2025.09.28-Virades-Marathon-Tours-37.jpg\" class=\"envira-gallery-25986 envira-gallery-link\" rel=\"enviragallery25986\" title=\"2025.09.28 Virades + Marathon Tours (37)\" data-envira-caption=\"2025.09.28 Virades + Marathon Tours (37)\" data-envira-retina=\"\" data-thumbnail=\"\"  itemprop=\"contentUrl\"><img decoding=\"async\" id=\"envira-gallery-image-26026\" class=\"envira-gallery-image envira-gallery-image-36 envira-normal envira-lazy\" data-envira-index=\"36\" src=\"https:\/\/www.lesgarszellesfontenoises.fr\/wp-content\/uploads\/2025\/09\/2025.09.28-Virades-Marathon-Tours-37-567x1024-640x480.jpg\" data-envira-src=\"https:\/\/www.lesgarszellesfontenoises.fr\/wp-content\/uploads\/2025\/09\/2025.09.28-Virades-Marathon-Tours-37-567x1024-640x480.jpg\" data-envira-gallery-id=\"25986\" data-envira-item-id=\"26026\" data-envira-caption=\"2025.09.28 Virades + Marathon Tours (37)\" alt=\"\" title=\"2025.09.28 Virades + Marathon Tours (37)\"  itemprop=\"thumbnailUrl\" data-envira-srcset=\"https:\/\/www.lesgarszellesfontenoises.fr\/wp-content\/uploads\/2025\/09\/2025.09.28-Virades-Marathon-Tours-37-567x1024-640x480.jpg 400w,https:\/\/www.lesgarszellesfontenoises.fr\/wp-content\/uploads\/2025\/09\/2025.09.28-Virades-Marathon-Tours-37-567x1024-640x480.jpg 2x\" data-envira-width=\"166\" data-envira-height=\"300\" srcset=\"data:image\/gif;base64,R0lGODlhAQABAIAAAP\/\/\/\/\/\/\/yH5BAEKAAEALAAAAAABAAEAAAICTAEAOw==\" data-safe-src=\"data:image\/gif;base64,R0lGODlhAQABAIAAAP\/\/\/\/\/\/\/yH5BAEKAAEALAAAAAABAAEAAAICTAEAOw==\" \/><\/a><\/div><\/div><div id=\"envira-gallery-item-26027\" class=\"envira-gallery-item enviratope-item envira-gallery-item-37 envira-lazy-load\" style=\"padding-left: 1px; padding-bottom: 1px; padding-right: 1px;\"  itemscope itemtype=\"https:\/\/schema.org\/ImageObject\"><div class=\"envira-gallery-item-inner\"><div class=\"envira-gallery-position-overlay  envira-gallery-top-left\"><\/div><div class=\"envira-gallery-position-overlay  envira-gallery-top-right\"><\/div><div class=\"envira-gallery-position-overlay  envira-gallery-bottom-left\"><\/div><div class=\"envira-gallery-position-overlay  envira-gallery-bottom-right\"><\/div><a href=\"https:\/\/www.lesgarszellesfontenoises.fr\/wp-content\/uploads\/2025\/09\/2025.09.28-Virades-Marathon-Tours-38.jpg\" class=\"envira-gallery-25986 envira-gallery-link\" rel=\"enviragallery25986\" title=\"2025.09.28 Virades + Marathon Tours (38)\" data-envira-caption=\"2025.09.28 Virades + Marathon Tours (38)\" data-envira-retina=\"\" data-thumbnail=\"\"  itemprop=\"contentUrl\"><img decoding=\"async\" id=\"envira-gallery-image-26027\" class=\"envira-gallery-image envira-gallery-image-37 envira-normal envira-lazy\" data-envira-index=\"37\" src=\"https:\/\/www.lesgarszellesfontenoises.fr\/wp-content\/uploads\/2025\/09\/2025.09.28-Virades-Marathon-Tours-38-577x1024-640x480.jpg\" data-envira-src=\"https:\/\/www.lesgarszellesfontenoises.fr\/wp-content\/uploads\/2025\/09\/2025.09.28-Virades-Marathon-Tours-38-577x1024-640x480.jpg\" data-envira-gallery-id=\"25986\" data-envira-item-id=\"26027\" data-envira-caption=\"2025.09.28 Virades + Marathon Tours (38)\" alt=\"\" title=\"2025.09.28 Virades + Marathon Tours (38)\"  itemprop=\"thumbnailUrl\" data-envira-srcset=\"https:\/\/www.lesgarszellesfontenoises.fr\/wp-content\/uploads\/2025\/09\/2025.09.28-Virades-Marathon-Tours-38-577x1024-640x480.jpg 400w,https:\/\/www.lesgarszellesfontenoises.fr\/wp-content\/uploads\/2025\/09\/2025.09.28-Virades-Marathon-Tours-38-577x1024-640x480.jpg 2x\" data-envira-width=\"169\" data-envira-height=\"300\" srcset=\"data:image\/gif;base64,R0lGODlhAQABAIAAAP\/\/\/\/\/\/\/yH5BAEKAAEALAAAAAABAAEAAAICTAEAOw==\" data-safe-src=\"data:image\/gif;base64,R0lGODlhAQABAIAAAP\/\/\/\/\/\/\/yH5BAEKAAEALAAAAAABAAEAAAICTAEAOw==\" \/><\/a><\/div><\/div><div id=\"envira-gallery-item-26028\" class=\"envira-gallery-item enviratope-item envira-gallery-item-38 envira-lazy-load\" style=\"padding-left: 1px; padding-bottom: 1px; padding-right: 1px;\"  itemscope itemtype=\"https:\/\/schema.org\/ImageObject\"><div class=\"envira-gallery-item-inner\"><div class=\"envira-gallery-position-overlay  envira-gallery-top-left\"><\/div><div class=\"envira-gallery-position-overlay  envira-gallery-top-right\"><\/div><div class=\"envira-gallery-position-overlay  envira-gallery-bottom-left\"><\/div><div class=\"envira-gallery-position-overlay  envira-gallery-bottom-right\"><\/div><a href=\"https:\/\/www.lesgarszellesfontenoises.fr\/wp-content\/uploads\/2025\/09\/2025.09.28-Virades-Marathon-Tours-39.jpg\" class=\"envira-gallery-25986 envira-gallery-link\" rel=\"enviragallery25986\" title=\"2025.09.28 Virades + Marathon Tours (39)\" data-envira-caption=\"2025.09.28 Virades + Marathon Tours (39)\" data-envira-retina=\"\" data-thumbnail=\"\"  itemprop=\"contentUrl\"><img decoding=\"async\" id=\"envira-gallery-image-26028\" class=\"envira-gallery-image envira-gallery-image-38 envira-normal envira-lazy\" data-envira-index=\"38\" src=\"https:\/\/www.lesgarszellesfontenoises.fr\/wp-content\/uploads\/2025\/09\/2025.09.28-Virades-Marathon-Tours-39-577x1024-640x480.jpg\" data-envira-src=\"https:\/\/www.lesgarszellesfontenoises.fr\/wp-content\/uploads\/2025\/09\/2025.09.28-Virades-Marathon-Tours-39-577x1024-640x480.jpg\" data-envira-gallery-id=\"25986\" data-envira-item-id=\"26028\" data-envira-caption=\"2025.09.28 Virades + Marathon Tours (39)\" alt=\"\" title=\"2025.09.28 Virades + Marathon Tours (39)\"  itemprop=\"thumbnailUrl\" data-envira-srcset=\"https:\/\/www.lesgarszellesfontenoises.fr\/wp-content\/uploads\/2025\/09\/2025.09.28-Virades-Marathon-Tours-39-577x1024-640x480.jpg 400w,https:\/\/www.lesgarszellesfontenoises.fr\/wp-content\/uploads\/2025\/09\/2025.09.28-Virades-Marathon-Tours-39-577x1024-640x480.jpg 2x\" data-envira-width=\"169\" data-envira-height=\"300\" srcset=\"data:image\/gif;base64,R0lGODlhAQABAIAAAP\/\/\/\/\/\/\/yH5BAEKAAEALAAAAAABAAEAAAICTAEAOw==\" data-safe-src=\"data:image\/gif;base64,R0lGODlhAQABAIAAAP\/\/\/\/\/\/\/yH5BAEKAAEALAAAAAABAAEAAAICTAEAOw==\" \/><\/a><\/div><\/div><div id=\"envira-gallery-item-26029\" class=\"envira-gallery-item enviratope-item envira-gallery-item-39 envira-lazy-load\" style=\"padding-left: 1px; padding-bottom: 1px; padding-right: 1px;\"  itemscope itemtype=\"https:\/\/schema.org\/ImageObject\"><div class=\"envira-gallery-item-inner\"><div class=\"envira-gallery-position-overlay  envira-gallery-top-left\"><\/div><div class=\"envira-gallery-position-overlay  envira-gallery-top-right\"><\/div><div class=\"envira-gallery-position-overlay  envira-gallery-bottom-left\"><\/div><div class=\"envira-gallery-position-overlay  envira-gallery-bottom-right\"><\/div><a href=\"https:\/\/www.lesgarszellesfontenoises.fr\/wp-content\/uploads\/2025\/09\/2025.09.28-Virades-Marathon-Tours-40.jpg\" class=\"envira-gallery-25986 envira-gallery-link\" rel=\"enviragallery25986\" title=\"2025.09.28 Virades + Marathon Tours (40)\" data-envira-caption=\"2025.09.28 Virades + Marathon Tours (40)\" data-envira-retina=\"\" data-thumbnail=\"\"  itemprop=\"contentUrl\"><img decoding=\"async\" id=\"envira-gallery-image-26029\" class=\"envira-gallery-image envira-gallery-image-39 envira-normal envira-lazy\" data-envira-index=\"39\" src=\"https:\/\/www.lesgarszellesfontenoises.fr\/wp-content\/uploads\/2025\/09\/2025.09.28-Virades-Marathon-Tours-40-768x1024-640x480.jpg\" data-envira-src=\"https:\/\/www.lesgarszellesfontenoises.fr\/wp-content\/uploads\/2025\/09\/2025.09.28-Virades-Marathon-Tours-40-768x1024-640x480.jpg\" data-envira-gallery-id=\"25986\" data-envira-item-id=\"26029\" data-envira-caption=\"2025.09.28 Virades + Marathon Tours (40)\" alt=\"\" title=\"2025.09.28 Virades + Marathon Tours (40)\"  itemprop=\"thumbnailUrl\" data-envira-srcset=\"https:\/\/www.lesgarszellesfontenoises.fr\/wp-content\/uploads\/2025\/09\/2025.09.28-Virades-Marathon-Tours-40-768x1024-640x480.jpg 400w,https:\/\/www.lesgarszellesfontenoises.fr\/wp-content\/uploads\/2025\/09\/2025.09.28-Virades-Marathon-Tours-40-768x1024-640x480.jpg 2x\" data-envira-width=\"225\" data-envira-height=\"300\" srcset=\"data:image\/gif;base64,R0lGODlhAQABAIAAAP\/\/\/\/\/\/\/yH5BAEKAAEALAAAAAABAAEAAAICTAEAOw==\" data-safe-src=\"data:image\/gif;base64,R0lGODlhAQABAIAAAP\/\/\/\/\/\/\/yH5BAEKAAEALAAAAAABAAEAAAICTAEAOw==\" \/><\/a><\/div><\/div><\/div><\/div><noscript><img decoding=\"async\" src=\"https:\/\/www.lesgarszellesfontenoises.fr\/wp-content\/uploads\/2025\/09\/2025.09.28-Virades-Marathon-Tours-1.jpg\" alt=\"\" \/><img decoding=\"async\" src=\"https:\/\/www.lesgarszellesfontenoises.fr\/wp-content\/uploads\/2025\/09\/2025.09.28-Virades-Marathon-Tours-2.jpg\" alt=\"\" \/><img decoding=\"async\" src=\"https:\/\/www.lesgarszellesfontenoises.fr\/wp-content\/uploads\/2025\/09\/2025.09.28-Virades-Marathon-Tours-4.jpg\" alt=\"\" \/><img decoding=\"async\" src=\"https:\/\/www.lesgarszellesfontenoises.fr\/wp-content\/uploads\/2025\/09\/2025.09.28-Virades-Marathon-Tours-5.jpg\" alt=\"\" \/><img decoding=\"async\" src=\"https:\/\/www.lesgarszellesfontenoises.fr\/wp-content\/uploads\/2025\/09\/2025.09.28-Virades-Marathon-Tours-6.jpg\" alt=\"\" \/><img decoding=\"async\" src=\"https:\/\/www.lesgarszellesfontenoises.fr\/wp-content\/uploads\/2025\/09\/2025.09.28-Virades-Marathon-Tours-7.jpg\" alt=\"\" \/><img decoding=\"async\" src=\"https:\/\/www.lesgarszellesfontenoises.fr\/wp-content\/uploads\/2025\/09\/2025.09.28-Virades-Marathon-Tours-8.jpg\" alt=\"\" \/><img decoding=\"async\" src=\"https:\/\/www.lesgarszellesfontenoises.fr\/wp-content\/uploads\/2025\/09\/2025.09.28-Virades-Marathon-Tours-9.jpg\" alt=\"\" \/><img decoding=\"async\" src=\"https:\/\/www.lesgarszellesfontenoises.fr\/wp-content\/uploads\/2025\/09\/2025.09.28-Virades-Marathon-Tours-10.jpg\" alt=\"\" \/><img decoding=\"async\" src=\"https:\/\/www.lesgarszellesfontenoises.fr\/wp-content\/uploads\/2025\/09\/2025.09.28-Virades-Marathon-Tours-11.jpg\" alt=\"\" \/><img decoding=\"async\" src=\"https:\/\/www.lesgarszellesfontenoises.fr\/wp-content\/uploads\/2025\/09\/2025.09.28-Virades-Marathon-Tours-12.jpg\" alt=\"\" \/><img decoding=\"async\" src=\"https:\/\/www.lesgarszellesfontenoises.fr\/wp-content\/uploads\/2025\/09\/2025.09.28-Virades-Marathon-Tours-13.jpg\" alt=\"\" \/><img decoding=\"async\" src=\"https:\/\/www.lesgarszellesfontenoises.fr\/wp-content\/uploads\/2025\/09\/2025.09.28-Virades-Marathon-Tours-14.jpg\" alt=\"\" \/><img decoding=\"async\" src=\"https:\/\/www.lesgarszellesfontenoises.fr\/wp-content\/uploads\/2025\/09\/2025.09.28-Virades-Marathon-Tours-15.jpg\" alt=\"\" \/><img decoding=\"async\" src=\"https:\/\/www.lesgarszellesfontenoises.fr\/wp-content\/uploads\/2025\/09\/2025.09.28-Virades-Marathon-Tours-16.jpg\" alt=\"\" \/><img decoding=\"async\" src=\"https:\/\/www.lesgarszellesfontenoises.fr\/wp-content\/uploads\/2025\/09\/2025.09.28-Virades-Marathon-Tours-17.jpg\" alt=\"\" \/><img decoding=\"async\" src=\"https:\/\/www.lesgarszellesfontenoises.fr\/wp-content\/uploads\/2025\/09\/2025.09.28-Virades-Marathon-Tours-18.jpg\" alt=\"\" \/><img decoding=\"async\" src=\"https:\/\/www.lesgarszellesfontenoises.fr\/wp-content\/uploads\/2025\/09\/2025.09.28-Virades-Marathon-Tours-19.jpg\" alt=\"\" \/><img decoding=\"async\" src=\"https:\/\/www.lesgarszellesfontenoises.fr\/wp-content\/uploads\/2025\/09\/2025.09.28-Virades-Marathon-Tours-20.jpg\" alt=\"\" \/><img decoding=\"async\" src=\"https:\/\/www.lesgarszellesfontenoises.fr\/wp-content\/uploads\/2025\/09\/2025.09.28-Virades-Marathon-Tours-21.jpg\" alt=\"\" \/><img decoding=\"async\" src=\"https:\/\/www.lesgarszellesfontenoises.fr\/wp-content\/uploads\/2025\/09\/2025.09.28-Virades-Marathon-Tours-22.jpg\" alt=\"\" \/><img decoding=\"async\" src=\"https:\/\/www.lesgarszellesfontenoises.fr\/wp-content\/uploads\/2025\/09\/2025.09.28-Virades-Marathon-Tours-23.jpg\" alt=\"\" \/><img decoding=\"async\" src=\"https:\/\/www.lesgarszellesfontenoises.fr\/wp-content\/uploads\/2025\/09\/2025.09.28-Virades-Marathon-Tours-24.jpg\" alt=\"\" \/><img decoding=\"async\" src=\"https:\/\/www.lesgarszellesfontenoises.fr\/wp-content\/uploads\/2025\/09\/2025.09.28-Virades-Marathon-Tours-25.jpg\" alt=\"\" \/><img decoding=\"async\" src=\"https:\/\/www.lesgarszellesfontenoises.fr\/wp-content\/uploads\/2025\/09\/2025.09.28-Virades-Marathon-Tours-26.jpg\" alt=\"\" \/><img decoding=\"async\" src=\"https:\/\/www.lesgarszellesfontenoises.fr\/wp-content\/uploads\/2025\/09\/2025.09.28-Virades-Marathon-Tours-27.jpg\" alt=\"\" \/><img decoding=\"async\" src=\"https:\/\/www.lesgarszellesfontenoises.fr\/wp-content\/uploads\/2025\/09\/2025.09.28-Virades-Marathon-Tours-28.jpg\" alt=\"\" \/><img decoding=\"async\" src=\"https:\/\/www.lesgarszellesfontenoises.fr\/wp-content\/uploads\/2025\/09\/2025.09.28-Virades-Marathon-Tours-29.jpg\" alt=\"\" \/><img decoding=\"async\" src=\"https:\/\/www.lesgarszellesfontenoises.fr\/wp-content\/uploads\/2025\/09\/2025.09.28-Virades-Marathon-Tours-31.jpg\" alt=\"\" \/><img decoding=\"async\" src=\"https:\/\/www.lesgarszellesfontenoises.fr\/wp-content\/uploads\/2025\/09\/2025.09.28-Virades-Marathon-Tours-32.jpg\" alt=\"\" \/><img decoding=\"async\" src=\"https:\/\/www.lesgarszellesfontenoises.fr\/wp-content\/uploads\/2025\/09\/2025.09.28-Virades-Marathon-Tours-33.jpg\" alt=\"\" \/><img decoding=\"async\" src=\"https:\/\/www.lesgarszellesfontenoises.fr\/wp-content\/uploads\/2025\/09\/2025.09.28-Virades-Marathon-Tours-Groupe.jpg\" alt=\"\" \/><img decoding=\"async\" src=\"https:\/\/www.lesgarszellesfontenoises.fr\/wp-content\/uploads\/2025\/09\/2025.09.28-Virades-Marathon-Tours-34.jpg\" alt=\"\" \/><img decoding=\"async\" src=\"https:\/\/www.lesgarszellesfontenoises.fr\/wp-content\/uploads\/2025\/09\/2025.09.28-Virades-Marathon-Tours-35.jpg\" alt=\"\" \/><img decoding=\"async\" src=\"https:\/\/www.lesgarszellesfontenoises.fr\/wp-content\/uploads\/2025\/09\/2025.09.28-Virades-Marathon-Tours-36.jpg\" alt=\"\" \/><img decoding=\"async\" src=\"https:\/\/www.lesgarszellesfontenoises.fr\/wp-content\/uploads\/2025\/09\/2025.09.28-Virades-Marathon-Tours-37.jpg\" alt=\"\" \/><img decoding=\"async\" src=\"https:\/\/www.lesgarszellesfontenoises.fr\/wp-content\/uploads\/2025\/09\/2025.09.28-Virades-Marathon-Tours-38.jpg\" alt=\"\" \/><img decoding=\"async\" src=\"https:\/\/www.lesgarszellesfontenoises.fr\/wp-content\/uploads\/2025\/09\/2025.09.28-Virades-Marathon-Tours-39.jpg\" alt=\"\" \/><img decoding=\"async\" src=\"https:\/\/www.lesgarszellesfontenoises.fr\/wp-content\/uploads\/2025\/09\/2025.09.28-Virades-Marathon-Tours-40.jpg\" alt=\"\" \/><\/noscript><\/div>\n","protected":false},"excerpt":{"rendered":"<p>Dimanche Sportif pour les Gars\u2019Z\u2019elles Fontenoises. Alors qu\u2019une belle d\u00e9l\u00e9gation de Gars\u2019Z\u2019elles participait aux virades de l\u2019espoir pour l\u2019association \u00ab&nbsp;Vaincre la mucovoscidose&nbsp;\u00bb, Yannick et Mike s\u2019\u00e9lan\u00e7aient sur le marathon de Tours et Fabien sur celui de Vannes. Bravo \u00e0 toutes et \u00e0 tous pour vos belles performances et merci \u00e0 Pierre pour les photos de la sortie \u00ab&nbsp;Virades de l\u2019espoir&nbsp;\u00bb.<\/p>\n","protected":false},"author":1,"featured_media":26018,"comment_status":"closed","ping_status":"open","sticky":false,"template":"","format":"standard","meta":{"_bbp_topic_count":0,"_bbp_reply_count":0,"_bbp_total_topic_count":0,"_bbp_total_reply_count":0,"_bbp_voice_count":0,"_bbp_anonymous_reply_count":0,"_bbp_topic_count_hidden":0,"_bbp_reply_count_hidden":0,"_bbp_forum_subforum_count":0,"footnotes":""},"categories":[4],"tags":[],"class_list":["post-25983","post","type-post","status-publish","format-standard","has-post-thumbnail","hentry","category-lactualite"],"_links":{"self":[{"href":"https:\/\/www.lesgarszellesfontenoises.fr\/index.php\/wp-json\/wp\/v2\/posts\/25983","targetHints":{"allow":["GET"]}}],"collection":[{"href":"https:\/\/www.lesgarszellesfontenoises.fr\/index.php\/wp-json\/wp\/v2\/posts"}],"about":[{"href":"https:\/\/www.lesgarszellesfontenoises.fr\/index.php\/wp-json\/wp\/v2\/types\/post"}],"author":[{"embeddable":true,"href":"https:\/\/www.lesgarszellesfontenoises.fr\/index.php\/wp-json\/wp\/v2\/users\/1"}],"replies":[{"embeddable":true,"href":"https:\/\/www.lesgarszellesfontenoises.fr\/index.php\/wp-json\/wp\/v2\/comments?post=25983"}],"version-history":[{"count":3,"href":"https:\/\/www.lesgarszellesfontenoises.fr\/index.php\/wp-json\/wp\/v2\/posts\/25983\/revisions"}],"predecessor-version":[{"id":26019,"href":"https:\/\/www.lesgarszellesfontenoises.fr\/index.php\/wp-json\/wp\/v2\/posts\/25983\/revisions\/26019"}],"wp:featuredmedia":[{"embeddable":true,"href":"https:\/\/www.lesgarszellesfontenoises.fr\/index.php\/wp-json\/wp\/v2\/media\/26018"}],"wp:attachment":[{"href":"https:\/\/www.lesgarszellesfontenoises.fr\/index.php\/wp-json\/wp\/v2\/media?parent=25983"}],"wp:term":[{"taxonomy":"category","embeddable":true,"href":"https:\/\/www.lesgarszellesfontenoises.fr\/index.php\/wp-json\/wp\/v2\/categories?post=25983"},{"taxonomy":"post_tag","embeddable":true,"href":"https:\/\/www.lesgarszellesfontenoises.fr\/index.php\/wp-json\/wp\/v2\/tags?post=25983"}],"curies":[{"name":"wp","href":"https:\/\/api.w.org\/{rel}","templated":true}]}}