{"id":23366,"date":"2024-11-11T16:36:53","date_gmt":"2024-11-11T15:36:53","guid":{"rendered":"https:\/\/www.lesgarszellesfontenoises.fr\/?p=23366"},"modified":"2024-11-23T21:20:25","modified_gmt":"2024-11-23T20:20:25","slug":"le-relais-des-garszelles-2025-informations-importantes","status":"publish","type":"post","link":"https:\/\/www.lesgarszellesfontenoises.fr\/index.php\/2024\/11\/11\/le-relais-des-garszelles-2025-informations-importantes\/","title":{"rendered":"Le relais des Gars&rsquo;Z&rsquo;elles 2025 Informations importantes"},"content":{"rendered":"\n<p class=\"has-text-align-center has-text-color has-large-font-size\" style=\"color:#f00202\"><strong>MISE A JOUR AU 11 NOVEMBRE 2024<\/strong><\/p>\n\n\n\n<p class=\"has-text-align-center has-large-font-size\"><strong>Circuits<\/strong> :&nbsp;<\/p>\n\n\n\n<p class=\"has-medium-font-size\">Parcours de 20 km \u00e0 r\u00e9aliser en solo ou en relais 2X10 km.<br>Pas de diff\u00e9rence notable entre les deux relais. Une partie technique par relais ( le gripp\u00e9 au niveau de l\u2019abbaye pour le 1er relais, le secteur de la gassouillette pour le 2\u00e8me).<br>Apr\u00e8s le 4\u00e8me Km, les coureurs emprunteront une partie priv\u00e9e (environ 2 km). Merci de respecter ce tron\u00e7on. (Merci aux propri\u00e9taires pour les autorisations).<br>Le parcours est balis\u00e9 et s\u00e9curis\u00e9 mais vigilance des coureurs notamment dans les parties \u00ab&nbsp;natures&nbsp;\u00bb (chemin gras et glissant sont mentionn\u00e9s).<\/p>\n\n\n\n<p class=\"has-text-align-center has-large-font-size\"><br><strong>Passage du relais<\/strong> :<\/p>\n\n\n\n<p class=\"has-text-align-left has-medium-font-size\">Le passage de Relais se fera sur l\u2019esplanade derri\u00e8re la Mairie de Fontaine Le Comte o\u00f9 a lieu le d\u00e9part.<br>Le relayeur \u00ab&nbsp;A&nbsp;\u00bb passera le \u00ab&nbsp;relais virtuel&nbsp;\u00bb \u00e0 son partenaire et son temps sera pris par l\u2019\u00e9quipe de chronom\u00e9trie <strong>ERUN 63<\/strong>.<br>Une fois fait, pensez \u00e0 quitter la zone relais afin d\u2019\u00e9viter de g\u00eaner les autres coureurs.&nbsp;<br>Les relayeurs \u00ab&nbsp;A&nbsp;\u00bb pourront acc\u00e9der au ravitaillement sur l\u2019esplanade et r\u00e9cup\u00e9rer&nbsp; leur consignes \u00e0 proximit\u00e9 de la zone d\u2019arriv\u00e9e.<br>Le relayeur B aura la puce sur son dossard. Cette derni\u00e8re sera retir\u00e9e par l\u2019organisation apr\u00e8s l\u2019arriv\u00e9e.&nbsp;<\/p>\n\n\n\n<p class=\"has-text-align-center has-large-font-size\"><br><strong>Coureurs du 20 km<\/strong>:<\/p>\n\n\n\n<p class=\"has-medium-font-size\"><br>Pour les coureurs du 20 km, d\u00e9part de la Mairie et arriv\u00e9e \u00e0 la Mairie de Fontaine le Comte. Ils ne seront pas g\u00ean\u00e9s par la zone de relais et pourront poursuivre leur course normalement. Le ravitaillement de mi-course se situera \u00e0 l\u2019\u00e9cart de la zone de passage de relais.<\/p>\n\n\n\n<p><\/p>\n\n\n\n<p class=\"has-text-align-center has-large-font-size\"><strong>Ravitaillement<\/strong>:&nbsp;<\/p>\n\n\n\n<p class=\"has-medium-font-size\"><br>Des ravitaillements sont pr\u00e9vus au km 5, au 10 km, 15 km et arriv\u00e9e. Respecter l\u2019environnement en \u00e9vitant de jeter au sol vos verres et la nourriture.&nbsp;<\/p>\n\n\n\n<p class=\"has-text-align-center has-large-font-size\"><br><strong>Horaires<\/strong>:<\/p>\n\n\n\n<p class=\"has-medium-font-size\"><br>D\u00e9part de la course pour tous (20km et Relais) 9H30 au niveau de la Mairie de Fontaine le Comte, sous l\u2019arche du magasin FOULEES \u00e0 Poitiers (86). C&rsquo;est le relayeur A qui part en premier.<br><\/p>\n\n\n\n<p class=\"has-text-align-center has-large-font-size\"><br><strong>Consignes<\/strong>:&nbsp;<\/p>\n\n\n\n<p class=\"has-medium-font-size\"><br>Le poste de consigne en ext\u00e9rieur, \u00e0 proximit\u00e9 du d\u00e9part, sera \u00e0 la disposition des coureurs ( 20KM et Relais)<\/p>\n\n\n\n<p class=\"has-text-align-center has-large-font-size\"><strong>Douches<\/strong> :<\/p>\n\n\n\n<p class=\"has-black-color has-text-color has-medium-font-size\"><br>Les participants pourront prendre une douche dans les vestiaires du stade de Foot. <\/p>\n\n\n\n<p class=\"has-black-color has-text-color has-medium-font-size\">L\u2019acc\u00e8s sera signal\u00e9.<\/p>\n\n\n\n<p class=\"has-text-align-center has-large-font-size\"><br><strong>Lieu d\u2019inscription<\/strong> : <\/p>\n\n\n<div class=\"wp-block-image\">\n<figure class=\"alignleft size-full is-resized\"><img loading=\"lazy\" decoding=\"async\" width=\"768\" height=\"376\" src=\"https:\/\/www.lesgarszellesfontenoises.fr\/wp-content\/uploads\/2024\/11\/erun63.jpg\" alt=\"\" class=\"wp-image-23375\" style=\"width:175px;height:auto\" srcset=\"https:\/\/www.lesgarszellesfontenoises.fr\/wp-content\/uploads\/2024\/11\/erun63.jpg 768w, https:\/\/www.lesgarszellesfontenoises.fr\/wp-content\/uploads\/2024\/11\/erun63-300x147.jpg 300w, https:\/\/www.lesgarszellesfontenoises.fr\/wp-content\/uploads\/2024\/11\/erun63-551x270.jpg 551w\" sizes=\"auto, (max-width: 768px) 100vw, 768px\" \/><\/figure>\n<\/div>\n\n\n<p class=\"has-medium-font-size\">Dans la mesure du possible, favorisez les inscriptions par Internet sur le site de notre \u00e9quipe de chronom\u00e9trie <strong><a href=\"https:\/\/in.njuko.com\/e-run63-le-relais-des-garszelles-le-12-janvier-20251729093323413\">E-Run 63<\/a>.<\/strong><\/p>\n\n\n\n<p class=\"has-medium-font-size\">Les inscriptions au gymnase du complexe des Ch\u00e2taigniers seront possible le samedi apr\u00e8s-midi de 15h00 \u00e0 18h00 et le dimanche matin de 7h00 \u00e0 9h00.<\/p>\n\n\n\n<p class=\"has-medium-font-size\">Les coureurs (Solo et Relais) peuvent s&rsquo;inscrire et retirer leur dossard et lot d\u2019inscription.&nbsp;<br>Un panneau d\u2019affichage des parcours et de la signal\u00e9tique utilis\u00e9e sera accessible.<\/p>\n\n\n\n<p class=\"has-text-align-center has-black-color has-text-color has-large-font-size\"><strong>R\u00e9compenses<\/strong> : <\/p>\n\n\n\n<p class=\"has-medium-font-size\">Dans le gymnase du complexe des Ch\u00e2taigniers vers 12H30.<\/p>\n\n\n\n<p class=\"has-medium-font-size\"><strong>20km et relais<\/strong> : 3 premiers scratch (femme et homme) ainsi que les premiers de chaque cat\u00e9gorie (Junior \u00e0 M10).<\/p>\n\n\n\n<p class=\"has-medium-font-size\"><strong>Equipes<\/strong> : Les 3 clubs\/associations les plus repr\u00e9sent\u00e9s.<\/p>\n\n\n\n<p class=\"has-text-align-center has-large-font-size\"><br><strong>Secours<\/strong>: <\/p>\n\n\n\n<p class=\"has-medium-font-size\">Pr\u00e9sence de l&rsquo;association de secours Action Sauvetage et d&rsquo;un m\u00e9decin sur le site du d\u00e9part.<\/p>\n\n\n\n<p class=\"has-medium-font-size\"><\/p>\n\n\n\n<p><\/p>\n\n\n\n<p class=\"has-medium-font-size\"><strong><a href=\"https:\/\/www.lesgarszellesfontenoises.fr\/?p=23353\" target=\"_blank\" rel=\"noreferrer noopener\">Retour \u00e0 la page de pr\u00e9sentation du relais des Gars&rsquo;Z&rsquo;elles<\/a><\/strong><\/p>\n\n\n\n<p class=\"has-text-align-center has-large-font-size\"><strong>NOS PARTENAIRES POUR CE RELAIS<\/strong><\/p>\n\n\n\n<figure class=\"wp-block-image size-large\"><img loading=\"lazy\" decoding=\"async\" width=\"1024\" height=\"724\" src=\"https:\/\/www.lesgarszellesfontenoises.fr\/wp-content\/uploads\/2024\/11\/Sponsors-2025-1024x724.jpg\" alt=\"\" class=\"wp-image-23397\" srcset=\"https:\/\/www.lesgarszellesfontenoises.fr\/wp-content\/uploads\/2024\/11\/Sponsors-2025-1024x724.jpg 1024w, https:\/\/www.lesgarszellesfontenoises.fr\/wp-content\/uploads\/2024\/11\/Sponsors-2025-300x212.jpg 300w, https:\/\/www.lesgarszellesfontenoises.fr\/wp-content\/uploads\/2024\/11\/Sponsors-2025-768x543.jpg 768w, https:\/\/www.lesgarszellesfontenoises.fr\/wp-content\/uploads\/2024\/11\/Sponsors-2025-1536x1086.jpg 1536w, https:\/\/www.lesgarszellesfontenoises.fr\/wp-content\/uploads\/2024\/11\/Sponsors-2025-382x270.jpg 382w, https:\/\/www.lesgarszellesfontenoises.fr\/wp-content\/uploads\/2024\/11\/Sponsors-2025.jpg 1754w\" sizes=\"auto, (max-width: 1024px) 100vw, 1024px\" \/><\/figure>\n","protected":false},"excerpt":{"rendered":"<p>MISE A JOUR AU 11 NOVEMBRE 2024 Circuits :&nbsp; Parcours de 20 km \u00e0 r\u00e9aliser en solo ou en relais 2X10 km.Pas de diff\u00e9rence notable entre les deux relais. Une partie technique par relais ( le gripp\u00e9 au niveau de l\u2019abbaye pour le 1er relais, le secteur de la gassouillette pour le 2\u00e8me).Apr\u00e8s le 4\u00e8me Km, les coureurs emprunteront une partie priv\u00e9e (environ 2 km). Merci de respecter ce tron\u00e7on. (Merci aux propri\u00e9taires pour les autorisations).Le parcours est balis\u00e9 et&#8230;<\/p>\n<p class=\"read-more\"><a class=\"btn btn-default\" href=\"https:\/\/www.lesgarszellesfontenoises.fr\/index.php\/2024\/11\/11\/le-relais-des-garszelles-2025-informations-importantes\/\">Lire la suite<span class=\"screen-reader-text\"> Lire la suite<\/span><\/a><\/p>\n","protected":false},"author":1,"featured_media":0,"comment_status":"open","ping_status":"open","sticky":false,"template":"","format":"standard","meta":{"_bbp_topic_count":0,"_bbp_reply_count":0,"_bbp_total_topic_count":0,"_bbp_total_reply_count":0,"_bbp_voice_count":0,"_bbp_anonymous_reply_count":0,"_bbp_topic_count_hidden":0,"_bbp_reply_count_hidden":0,"_bbp_forum_subforum_count":0,"footnotes":""},"categories":[1],"tags":[],"class_list":["post-23366","post","type-post","status-publish","format-standard","hentry","category-non-classe"],"_links":{"self":[{"href":"https:\/\/www.lesgarszellesfontenoises.fr\/index.php\/wp-json\/wp\/v2\/posts\/23366","targetHints":{"allow":["GET"]}}],"collection":[{"href":"https:\/\/www.lesgarszellesfontenoises.fr\/index.php\/wp-json\/wp\/v2\/posts"}],"about":[{"href":"https:\/\/www.lesgarszellesfontenoises.fr\/index.php\/wp-json\/wp\/v2\/types\/post"}],"author":[{"embeddable":true,"href":"https:\/\/www.lesgarszellesfontenoises.fr\/index.php\/wp-json\/wp\/v2\/users\/1"}],"replies":[{"embeddable":true,"href":"https:\/\/www.lesgarszellesfontenoises.fr\/index.php\/wp-json\/wp\/v2\/comments?post=23366"}],"version-history":[{"count":7,"href":"https:\/\/www.lesgarszellesfontenoises.fr\/index.php\/wp-json\/wp\/v2\/posts\/23366\/revisions"}],"predecessor-version":[{"id":23434,"href":"https:\/\/www.lesgarszellesfontenoises.fr\/index.php\/wp-json\/wp\/v2\/posts\/23366\/revisions\/23434"}],"wp:attachment":[{"href":"https:\/\/www.lesgarszellesfontenoises.fr\/index.php\/wp-json\/wp\/v2\/media?parent=23366"}],"wp:term":[{"taxonomy":"category","embeddable":true,"href":"https:\/\/www.lesgarszellesfontenoises.fr\/index.php\/wp-json\/wp\/v2\/categories?post=23366"},{"taxonomy":"post_tag","embeddable":true,"href":"https:\/\/www.lesgarszellesfontenoises.fr\/index.php\/wp-json\/wp\/v2\/tags?post=23366"}],"curies":[{"name":"wp","href":"https:\/\/api.w.org\/{rel}","templated":true}]}}