{"id":23364,"date":"2024-11-11T16:37:05","date_gmt":"2024-11-11T15:37:05","guid":{"rendered":"https:\/\/www.lesgarszellesfontenoises.fr\/?p=23364"},"modified":"2024-11-11T16:37:07","modified_gmt":"2024-11-11T15:37:07","slug":"le-relais-des-garszelles-2025-la-maison-des-familles","status":"publish","type":"post","link":"https:\/\/www.lesgarszellesfontenoises.fr\/index.php\/2024\/11\/11\/le-relais-des-garszelles-2025-la-maison-des-familles\/","title":{"rendered":"Le relais des Gars&rsquo;Z&rsquo;elles 2025 La maison des familles."},"content":{"rendered":"<div class=\"wp-block-image\">\n<figure class=\"aligncenter size-full is-resized\"><img loading=\"lazy\" decoding=\"async\" width=\"889\" height=\"624\" src=\"https:\/\/www.lesgarszellesfontenoises.fr\/wp-content\/uploads\/2021\/11\/LaMaisonDesFamilles.png\" alt=\"\" class=\"wp-image-12839\" style=\"width:607px;height:auto\" srcset=\"https:\/\/www.lesgarszellesfontenoises.fr\/wp-content\/uploads\/2021\/11\/LaMaisonDesFamilles.png 889w, https:\/\/www.lesgarszellesfontenoises.fr\/wp-content\/uploads\/2021\/11\/LaMaisonDesFamilles-300x211.png 300w, https:\/\/www.lesgarszellesfontenoises.fr\/wp-content\/uploads\/2021\/11\/LaMaisonDesFamilles-768x539.png 768w, https:\/\/www.lesgarszellesfontenoises.fr\/wp-content\/uploads\/2021\/11\/LaMaisonDesFamilles-385x270.png 385w\" sizes=\"auto, (max-width: 889px) 100vw, 889px\" \/><\/figure>\n<\/div>\n\n\n<p class=\"has-medium-font-size\">Comme pour les pr\u00e9c\u00e9dents \u00e9ditions du Relais des Gars\u2019Z\u2019Elles, nous apportons notre soutien \u00e0 l\u2019association \u00abLa maison des familles\u00bb en reversant 1 euro par inscription.<\/p>\n\n\n\n<p class=\"has-medium-font-size\"><strong>Pour m\u00e9moire, en 2024 nous avons revers\u00e9 680\u20ac \u00e0 cette association. <\/strong><\/p>\n\n\n\n<p class=\"has-medium-font-size\"><strong><a rel=\"noreferrer noopener\" href=\"https:\/\/www.maisondesfamilles-poitiers.fr\/\" target=\"_blank\">Lien vers le site La maison des familles.<\/a><\/strong><\/p>\n\n\n\n<p class=\"has-white-color has-text-color has-link-color has-medium-font-size wp-elements-888ac68b6dd8165a43d045abe3776873\">________________________________________________________________________<\/p>\n\n\n\n<p class=\"has-medium-font-size\"><strong><a href=\"https:\/\/www.lesgarszellesfontenoises.fr\/?p=23353\" target=\"_blank\" rel=\"noreferrer noopener\">Retour \u00e0 la page de pr\u00e9sentation du relais des Gars\u2019Z\u2019elles<\/a><\/strong><\/p>\n\n\n\n<p><\/p>\n\n\n\n<p class=\"has-text-align-center has-large-font-size\"><strong>NOS PARTENAIRES POUR CE RELAIS<\/strong><\/p>\n\n\n\n<figure class=\"wp-block-image size-large\"><img loading=\"lazy\" decoding=\"async\" width=\"1024\" height=\"724\" src=\"https:\/\/www.lesgarszellesfontenoises.fr\/wp-content\/uploads\/2024\/11\/Sponsors-2025-1024x724.jpg\" alt=\"\" class=\"wp-image-23397\" srcset=\"https:\/\/www.lesgarszellesfontenoises.fr\/wp-content\/uploads\/2024\/11\/Sponsors-2025-1024x724.jpg 1024w, https:\/\/www.lesgarszellesfontenoises.fr\/wp-content\/uploads\/2024\/11\/Sponsors-2025-300x212.jpg 300w, https:\/\/www.lesgarszellesfontenoises.fr\/wp-content\/uploads\/2024\/11\/Sponsors-2025-768x543.jpg 768w, https:\/\/www.lesgarszellesfontenoises.fr\/wp-content\/uploads\/2024\/11\/Sponsors-2025-1536x1086.jpg 1536w, https:\/\/www.lesgarszellesfontenoises.fr\/wp-content\/uploads\/2024\/11\/Sponsors-2025-382x270.jpg 382w, https:\/\/www.lesgarszellesfontenoises.fr\/wp-content\/uploads\/2024\/11\/Sponsors-2025.jpg 1754w\" sizes=\"auto, (max-width: 1024px) 100vw, 1024px\" \/><\/figure>\n","protected":false},"excerpt":{"rendered":"<p>Comme pour les pr\u00e9c\u00e9dents \u00e9ditions du Relais des Gars\u2019Z\u2019Elles, nous apportons notre soutien \u00e0 l\u2019association \u00abLa maison des familles\u00bb en reversant 1 euro par inscription. Pour m\u00e9moire, en 2024 nous avons revers\u00e9 680\u20ac \u00e0 cette association. Lien vers le site La maison des familles. ________________________________________________________________________ Retour \u00e0 la page de pr\u00e9sentation du relais des Gars\u2019Z\u2019elles NOS PARTENAIRES POUR CE RELAIS<\/p>\n","protected":false},"author":1,"featured_media":0,"comment_status":"closed","ping_status":"open","sticky":false,"template":"","format":"standard","meta":{"_bbp_topic_count":0,"_bbp_reply_count":0,"_bbp_total_topic_count":0,"_bbp_total_reply_count":0,"_bbp_voice_count":0,"_bbp_anonymous_reply_count":0,"_bbp_topic_count_hidden":0,"_bbp_reply_count_hidden":0,"_bbp_forum_subforum_count":0,"footnotes":""},"categories":[1],"tags":[],"class_list":["post-23364","post","type-post","status-publish","format-standard","hentry","category-non-classe"],"_links":{"self":[{"href":"https:\/\/www.lesgarszellesfontenoises.fr\/index.php\/wp-json\/wp\/v2\/posts\/23364","targetHints":{"allow":["GET"]}}],"collection":[{"href":"https:\/\/www.lesgarszellesfontenoises.fr\/index.php\/wp-json\/wp\/v2\/posts"}],"about":[{"href":"https:\/\/www.lesgarszellesfontenoises.fr\/index.php\/wp-json\/wp\/v2\/types\/post"}],"author":[{"embeddable":true,"href":"https:\/\/www.lesgarszellesfontenoises.fr\/index.php\/wp-json\/wp\/v2\/users\/1"}],"replies":[{"embeddable":true,"href":"https:\/\/www.lesgarszellesfontenoises.fr\/index.php\/wp-json\/wp\/v2\/comments?post=23364"}],"version-history":[{"count":6,"href":"https:\/\/www.lesgarszellesfontenoises.fr\/index.php\/wp-json\/wp\/v2\/posts\/23364\/revisions"}],"predecessor-version":[{"id":23403,"href":"https:\/\/www.lesgarszellesfontenoises.fr\/index.php\/wp-json\/wp\/v2\/posts\/23364\/revisions\/23403"}],"wp:attachment":[{"href":"https:\/\/www.lesgarszellesfontenoises.fr\/index.php\/wp-json\/wp\/v2\/media?parent=23364"}],"wp:term":[{"taxonomy":"category","embeddable":true,"href":"https:\/\/www.lesgarszellesfontenoises.fr\/index.php\/wp-json\/wp\/v2\/categories?post=23364"},{"taxonomy":"post_tag","embeddable":true,"href":"https:\/\/www.lesgarszellesfontenoises.fr\/index.php\/wp-json\/wp\/v2\/tags?post=23364"}],"curies":[{"name":"wp","href":"https:\/\/api.w.org\/{rel}","templated":true}]}}