{"id":23362,"date":"2024-11-11T16:35:53","date_gmt":"2024-11-11T15:35:53","guid":{"rendered":"https:\/\/www.lesgarszellesfontenoises.fr\/?p=23362"},"modified":"2024-11-23T21:21:46","modified_gmt":"2024-11-23T20:21:46","slug":"le-relais-des-garszelles-2025-inscriptions","status":"publish","type":"post","link":"https:\/\/www.lesgarszellesfontenoises.fr\/index.php\/2024\/11\/11\/le-relais-des-garszelles-2025-inscriptions\/","title":{"rendered":"Le Relais des Gars\u2019Z\u2019Elles 2025 Inscriptions"},"content":{"rendered":"<div class=\"wp-block-image\">\n<figure class=\"alignleft size-full is-resized\"><a href=\"https:\/\/in.njuko.com\/e-run63-le-relais-des-garszelles-le-12-janvier-20251729093323413?currentPage=select-competition\" target=\"_blank\" rel=\"noreferrer noopener\"><img loading=\"lazy\" decoding=\"async\" width=\"768\" height=\"376\" src=\"https:\/\/www.lesgarszellesfontenoises.fr\/wp-content\/uploads\/2024\/11\/erun63.jpg\" alt=\"\" class=\"wp-image-23375\" style=\"width:265px;height:auto\" srcset=\"https:\/\/www.lesgarszellesfontenoises.fr\/wp-content\/uploads\/2024\/11\/erun63.jpg 768w, https:\/\/www.lesgarszellesfontenoises.fr\/wp-content\/uploads\/2024\/11\/erun63-300x147.jpg 300w, https:\/\/www.lesgarszellesfontenoises.fr\/wp-content\/uploads\/2024\/11\/erun63-551x270.jpg 551w\" sizes=\"auto, (max-width: 768px) 100vw, 768px\" \/><\/a><\/figure>\n<\/div>\n\n\n<p class=\"has-text-align-center has-medium-font-size\">Comme chaque ann\u00e9e, les inscriptions se font sur le site de notre partenaire :<\/p>\n\n\n\n<p class=\"has-text-align-center has-vivid-red-color has-text-color has-large-font-size\"><a href=\"https:\/\/in.njuko.com\/e-run63-le-relais-des-garszelles-le-12-janvier-20251729093323413?currentPage=select-competition\" target=\"_blank\" rel=\"noreferrer noopener\"><strong>ERUN 63<\/strong> <strong>(CLIQUER ICI !!!)<\/strong><\/a><\/p>\n\n\n\n<p class=\"has-white-color has-text-color has-link-color wp-elements-b2c1968ea95c407608f07dbdbcc8222f\">____________________________________________________________________________<\/p>\n\n\n\n<p class=\"has-medium-font-size\">Il sera possible de vous inscrire sur place le samedi de 15h00 \u00e0 18h00 et le dimanche matin de 7h00 \u00e0 9h00. Merci tout de m\u00eame de favoriser l&rsquo;inscription en ligne afin de limiter les temps d&rsquo;attente le samedi et le dimanche de la course.<\/p>\n\n\n\n<p class=\"has-medium-font-size\"><strong><a href=\"https:\/\/www.lesgarszellesfontenoises.fr\/?p=23353\" target=\"_blank\" rel=\"noreferrer noopener\">Retour \u00e0 la page de pr\u00e9sentation du Relais des Gars\u2019Z\u2019elles<\/a><\/strong><\/p>\n\n\n\n<p><\/p>\n\n\n\n<p class=\"has-text-align-center has-large-font-size\"><strong>NOS PARTENAIRES POUR CE RELAIS<\/strong><\/p>\n\n\n\n<figure class=\"wp-block-image size-large\"><img loading=\"lazy\" decoding=\"async\" width=\"1024\" height=\"724\" src=\"https:\/\/www.lesgarszellesfontenoises.fr\/wp-content\/uploads\/2024\/11\/Sponsors-2025-1024x724.jpg\" alt=\"\" class=\"wp-image-23397\" srcset=\"https:\/\/www.lesgarszellesfontenoises.fr\/wp-content\/uploads\/2024\/11\/Sponsors-2025-1024x724.jpg 1024w, https:\/\/www.lesgarszellesfontenoises.fr\/wp-content\/uploads\/2024\/11\/Sponsors-2025-300x212.jpg 300w, https:\/\/www.lesgarszellesfontenoises.fr\/wp-content\/uploads\/2024\/11\/Sponsors-2025-768x543.jpg 768w, https:\/\/www.lesgarszellesfontenoises.fr\/wp-content\/uploads\/2024\/11\/Sponsors-2025-1536x1086.jpg 1536w, https:\/\/www.lesgarszellesfontenoises.fr\/wp-content\/uploads\/2024\/11\/Sponsors-2025-382x270.jpg 382w, https:\/\/www.lesgarszellesfontenoises.fr\/wp-content\/uploads\/2024\/11\/Sponsors-2025.jpg 1754w\" sizes=\"auto, (max-width: 1024px) 100vw, 1024px\" \/><\/figure>\n","protected":false},"excerpt":{"rendered":"<p>Comme chaque ann\u00e9e, les inscriptions se font sur le site de notre partenaire : ERUN 63 (CLIQUER ICI !!!) ____________________________________________________________________________ Il sera possible de vous inscrire sur place le samedi de 15h00 \u00e0 18h00 et le dimanche matin de 7h00 \u00e0 9h00. Merci tout de m\u00eame de favoriser l&rsquo;inscription en ligne afin de limiter les temps d&rsquo;attente le samedi et le dimanche de la course. Retour \u00e0 la page de pr\u00e9sentation du Relais des Gars\u2019Z\u2019elles NOS PARTENAIRES POUR CE RELAIS<\/p>\n","protected":false},"author":1,"featured_media":0,"comment_status":"closed","ping_status":"open","sticky":false,"template":"","format":"standard","meta":{"_bbp_topic_count":0,"_bbp_reply_count":0,"_bbp_total_topic_count":0,"_bbp_total_reply_count":0,"_bbp_voice_count":0,"_bbp_anonymous_reply_count":0,"_bbp_topic_count_hidden":0,"_bbp_reply_count_hidden":0,"_bbp_forum_subforum_count":0,"footnotes":""},"categories":[1],"tags":[],"class_list":["post-23362","post","type-post","status-publish","format-standard","hentry","category-non-classe"],"_links":{"self":[{"href":"https:\/\/www.lesgarszellesfontenoises.fr\/index.php\/wp-json\/wp\/v2\/posts\/23362","targetHints":{"allow":["GET"]}}],"collection":[{"href":"https:\/\/www.lesgarszellesfontenoises.fr\/index.php\/wp-json\/wp\/v2\/posts"}],"about":[{"href":"https:\/\/www.lesgarszellesfontenoises.fr\/index.php\/wp-json\/wp\/v2\/types\/post"}],"author":[{"embeddable":true,"href":"https:\/\/www.lesgarszellesfontenoises.fr\/index.php\/wp-json\/wp\/v2\/users\/1"}],"replies":[{"embeddable":true,"href":"https:\/\/www.lesgarszellesfontenoises.fr\/index.php\/wp-json\/wp\/v2\/comments?post=23362"}],"version-history":[{"count":9,"href":"https:\/\/www.lesgarszellesfontenoises.fr\/index.php\/wp-json\/wp\/v2\/posts\/23362\/revisions"}],"predecessor-version":[{"id":23435,"href":"https:\/\/www.lesgarszellesfontenoises.fr\/index.php\/wp-json\/wp\/v2\/posts\/23362\/revisions\/23435"}],"wp:attachment":[{"href":"https:\/\/www.lesgarszellesfontenoises.fr\/index.php\/wp-json\/wp\/v2\/media?parent=23362"}],"wp:term":[{"taxonomy":"category","embeddable":true,"href":"https:\/\/www.lesgarszellesfontenoises.fr\/index.php\/wp-json\/wp\/v2\/categories?post=23362"},{"taxonomy":"post_tag","embeddable":true,"href":"https:\/\/www.lesgarszellesfontenoises.fr\/index.php\/wp-json\/wp\/v2\/tags?post=23362"}],"curies":[{"name":"wp","href":"https:\/\/api.w.org\/{rel}","templated":true}]}}