{"id":23360,"date":"2024-11-11T16:27:11","date_gmt":"2024-11-11T15:27:11","guid":{"rendered":"https:\/\/www.lesgarszellesfontenoises.fr\/?p=23360"},"modified":"2026-03-20T08:29:24","modified_gmt":"2026-03-20T07:29:24","slug":"le-relais-des-garszelles-2025-editions-precedentes","status":"publish","type":"post","link":"https:\/\/www.lesgarszellesfontenoises.fr\/index.php\/2024\/11\/11\/le-relais-des-garszelles-2025-editions-precedentes\/","title":{"rendered":"Le relais des Gars&rsquo;Z&rsquo;elles 2025 Editions pr\u00e9c\u00e9dentes"},"content":{"rendered":"\n<p>Le Relais des Gars\u2019Z\u2019Elles, c\u2019est quoi ?<\/p>\n\n\n\n<p>Afin de vous faire une id\u00e9e, cliquez sur les liens des \u00e9ditions pr\u00e9c\u00e9dentes !!!<\/p>\n\n\n\n<p>Bon visionnage.<\/p>\n\n\n\n<h3 class=\"wp-block-heading has-medium-font-size\"><strong><a href=\"https:\/\/www.lesgarszellesfontenoises.fr\/index.php\/2018\/01\/14\/le-relais-des-garszelles-2018\" target=\"_blank\" rel=\"noreferrer noopener\">Le Relais des Gars&rsquo;Z&rsquo;elles 2018<\/a><\/strong><\/h3>\n\n\n\n<h3 class=\"wp-block-heading has-medium-font-size\"><strong><a href=\"https:\/\/www.lesgarszellesfontenoises.fr\/index.php\/2019\/01\/13\/le-relais-des-garszelles-2019\" target=\"_blank\" rel=\"noreferrer noopener\">Le Relais des Gars&rsquo;Z&rsquo;elles 2019<\/a><\/strong><\/h3>\n\n\n\n<h3 class=\"wp-block-heading has-medium-font-size\"><strong><a href=\"https:\/\/www.lesgarszellesfontenoises.fr\/index.php\/2020\/01\/12\/le-relais-des-garszelles-2020\" target=\"_blank\" rel=\"noreferrer noopener\">Le Relais des Gars&rsquo;Z&rsquo;elles 2020<\/a><\/strong><\/h3>\n\n\n\n<h3 class=\"wp-block-heading has-medium-font-size\"><strong><a href=\"https:\/\/www.lesgarszellesfontenoises.fr\/index.php\/2023\/01\/15\/le-relais-des-garszelles-2023-2\" target=\"_blank\" rel=\"noreferrer noopener\">Le Relais des Gars&rsquo;Z&rsquo;elles 2023<\/a><\/strong><\/h3>\n\n\n\n<h3 class=\"has-text-align-left has-medium-font-size\"><strong><a href=\"https:\/\/www.lesgarszellesfontenoises.fr\/index.php\/2024\/01\/14\/le-relais-des-garszelles-2024-2\/\" target=\"_blank\" rel=\"noreferrer noopener\">Le Relais des Gars&rsquo;Z&rsquo;elles 2024<\/a><\/strong><\/h3>\n\n\n\n<p class=\"has-white-color has-text-color has-link-color wp-elements-955fb4c9bbdcd42ab42d261690b41c75\">_____________________________________________________________________<\/p>\n\n\n\n<h3 class=\"wp-block-heading\"><strong><a href=\"https:\/\/www.lesgarszellesfontenoises.fr\/?p=23353\" target=\"_blank\" rel=\"noreferrer noopener\">Retour \u00e0 la page de pr\u00e9sentation du Relais des Gars&rsquo;Z&rsquo;elles<\/a><\/strong><\/h3>\n\n\n\n<h3 class=\"has-white-color has-text-color has-link-color wp-elements-1736fdd86df4fa8ee7b16d162f5dc60c\">_______________________________________________________<\/h3>\n\n\n\n<h2 class=\"wp-block-heading has-text-align-center has-large-font-size\"><strong>NOS PARTENAIRES POUR CE RELAIS<\/strong><\/h2>\n\n\n\n<figure class=\"wp-block-image size-large\"><img loading=\"lazy\" decoding=\"async\" width=\"1024\" height=\"724\" src=\"https:\/\/www.lesgarszellesfontenoises.fr\/wp-content\/uploads\/2024\/11\/Sponsors-2025-1024x724.jpg\" alt=\"\" class=\"wp-image-23397\" srcset=\"https:\/\/www.lesgarszellesfontenoises.fr\/wp-content\/uploads\/2024\/11\/Sponsors-2025-1024x724.jpg 1024w, https:\/\/www.lesgarszellesfontenoises.fr\/wp-content\/uploads\/2024\/11\/Sponsors-2025-300x212.jpg 300w, https:\/\/www.lesgarszellesfontenoises.fr\/wp-content\/uploads\/2024\/11\/Sponsors-2025-768x543.jpg 768w, https:\/\/www.lesgarszellesfontenoises.fr\/wp-content\/uploads\/2024\/11\/Sponsors-2025-1536x1086.jpg 1536w, https:\/\/www.lesgarszellesfontenoises.fr\/wp-content\/uploads\/2024\/11\/Sponsors-2025-382x270.jpg 382w, https:\/\/www.lesgarszellesfontenoises.fr\/wp-content\/uploads\/2024\/11\/Sponsors-2025.jpg 1754w\" sizes=\"auto, (max-width: 1024px) 100vw, 1024px\" \/><\/figure>\n","protected":false},"excerpt":{"rendered":"<p>Le Relais des Gars\u2019Z\u2019Elles, c\u2019est quoi ? Afin de vous faire une id\u00e9e, cliquez sur les liens des \u00e9ditions pr\u00e9c\u00e9dentes !!! Bon visionnage. Le Relais des Gars&rsquo;Z&rsquo;elles 2018 Le Relais des Gars&rsquo;Z&rsquo;elles 2019 Le Relais des Gars&rsquo;Z&rsquo;elles 2020 Le Relais des Gars&rsquo;Z&rsquo;elles 2023 Le Relais des Gars&rsquo;Z&rsquo;elles 2024 _____________________________________________________________________ Retour \u00e0 la page de pr\u00e9sentation du Relais des Gars&rsquo;Z&rsquo;elles _______________________________________________________ NOS PARTENAIRES POUR CE RELAIS<\/p>\n","protected":false},"author":1,"featured_media":0,"comment_status":"closed","ping_status":"open","sticky":false,"template":"","format":"standard","meta":{"_bbp_topic_count":0,"_bbp_reply_count":0,"_bbp_total_topic_count":0,"_bbp_total_reply_count":0,"_bbp_voice_count":0,"_bbp_anonymous_reply_count":0,"_bbp_topic_count_hidden":0,"_bbp_reply_count_hidden":0,"_bbp_forum_subforum_count":0,"footnotes":""},"categories":[1],"tags":[],"class_list":["post-23360","post","type-post","status-publish","format-standard","hentry","category-non-classe"],"_links":{"self":[{"href":"https:\/\/www.lesgarszellesfontenoises.fr\/index.php\/wp-json\/wp\/v2\/posts\/23360","targetHints":{"allow":["GET"]}}],"collection":[{"href":"https:\/\/www.lesgarszellesfontenoises.fr\/index.php\/wp-json\/wp\/v2\/posts"}],"about":[{"href":"https:\/\/www.lesgarszellesfontenoises.fr\/index.php\/wp-json\/wp\/v2\/types\/post"}],"author":[{"embeddable":true,"href":"https:\/\/www.lesgarszellesfontenoises.fr\/index.php\/wp-json\/wp\/v2\/users\/1"}],"replies":[{"embeddable":true,"href":"https:\/\/www.lesgarszellesfontenoises.fr\/index.php\/wp-json\/wp\/v2\/comments?post=23360"}],"version-history":[{"count":14,"href":"https:\/\/www.lesgarszellesfontenoises.fr\/index.php\/wp-json\/wp\/v2\/posts\/23360\/revisions"}],"predecessor-version":[{"id":23421,"href":"https:\/\/www.lesgarszellesfontenoises.fr\/index.php\/wp-json\/wp\/v2\/posts\/23360\/revisions\/23421"}],"wp:attachment":[{"href":"https:\/\/www.lesgarszellesfontenoises.fr\/index.php\/wp-json\/wp\/v2\/media?parent=23360"}],"wp:term":[{"taxonomy":"category","embeddable":true,"href":"https:\/\/www.lesgarszellesfontenoises.fr\/index.php\/wp-json\/wp\/v2\/categories?post=23360"},{"taxonomy":"post_tag","embeddable":true,"href":"https:\/\/www.lesgarszellesfontenoises.fr\/index.php\/wp-json\/wp\/v2\/tags?post=23360"}],"curies":[{"name":"wp","href":"https:\/\/api.w.org\/{rel}","templated":true}]}}