{"id":23353,"date":"2024-11-11T16:26:18","date_gmt":"2024-11-11T15:26:18","guid":{"rendered":"https:\/\/www.lesgarszellesfontenoises.fr\/?p=23353"},"modified":"2026-03-27T13:38:19","modified_gmt":"2026-03-27T12:38:19","slug":"le-relais-des-garszelles-2025","status":"publish","type":"post","link":"https:\/\/www.lesgarszellesfontenoises.fr\/index.php\/2024\/11\/11\/le-relais-des-garszelles-2025\/","title":{"rendered":"Le relais des Gars&rsquo;Z&rsquo;elles 2025"},"content":{"rendered":"\n<p class=\"has-text-align-center has-vivid-red-color has-text-color has-link-color has-x-large-font-size wp-elements-766d87a2b4c3a96c7953593c1710378e\"><strong>Dimanche 12 janvier 2025<\/strong><\/p>\n\n\n\n<style type='text\/css'>.wpcdt-timer-12812 .wpcdt-clock{max-width: 750px;}<\/style>\n<div class=\"wpcdt-wrap wpcdt-timer-wrap wpcdt-clearfix  wpcdt-timer-circle wpcdt-timer-12812\" data-conf=\"{&quot;current_date&quot;:&quot;2026-05-02 12:07:45&quot;,&quot;expiry_date&quot;:&quot;2026-06-27 18:00:00&quot;,&quot;timercircle_animation&quot;:&quot;smooth&quot;,&quot;timercircle_width&quot;:0.1,&quot;timer_bg_width&quot;:1.2,&quot;timer_bgclr&quot;:&quot;#313332&quot;,&quot;timer_day_bgclr&quot;:&quot;#e3be32&quot;,&quot;timer_hour_bgclr&quot;:&quot;#36b0e3&quot;,&quot;timer_minute_bgclr&quot;:&quot;#75bf44&quot;,&quot;timer_second_bgclr&quot;:&quot;#66c5af&quot;,&quot;day_text&quot;:&quot;Jours&quot;,&quot;hour_text&quot;:&quot;Heures&quot;,&quot;minute_text&quot;:&quot;Minutes&quot;,&quot;second_text&quot;:&quot;Secondes&quot;,&quot;is_days&quot;:1,&quot;is_hours&quot;:1,&quot;is_minutes&quot;:1,&quot;is_seconds&quot;:1}\">\n\t<div class=\"wpcdt-timer-inr wpcdt-timer wpcdt-timer-js\" id=\"wpcdt-timer-1\" data-id=\"12812\">\n\t\t<div class=\"wpcdt-clock wpcdt-clock-circle\" data-timer=\"4859535\"><\/div>\n\t<\/div>\n<\/div>\n\n\n<div class=\"wp-block-image\">\n<figure class=\"alignleft size-full is-resized\"><img loading=\"lazy\" decoding=\"async\" width=\"1024\" height=\"681\" src=\"https:\/\/www.lesgarszellesfontenoises.fr\/wp-content\/uploads\/2024\/01\/10-Relais-GarsZelles-2024-Le-depart-011.jpg\" alt=\"\" class=\"wp-image-20999\" style=\"width:293px;height:auto\" srcset=\"https:\/\/www.lesgarszellesfontenoises.fr\/wp-content\/uploads\/2024\/01\/10-Relais-GarsZelles-2024-Le-depart-011.jpg 1024w, https:\/\/www.lesgarszellesfontenoises.fr\/wp-content\/uploads\/2024\/01\/10-Relais-GarsZelles-2024-Le-depart-011-300x200.jpg 300w, https:\/\/www.lesgarszellesfontenoises.fr\/wp-content\/uploads\/2024\/01\/10-Relais-GarsZelles-2024-Le-depart-011-768x511.jpg 768w, https:\/\/www.lesgarszellesfontenoises.fr\/wp-content\/uploads\/2024\/01\/10-Relais-GarsZelles-2024-Le-depart-011-406x270.jpg 406w\" sizes=\"auto, (max-width: 1024px) 100vw, 1024px\" \/><\/figure>\n<\/div>\n\n\n<p class=\"has-medium-font-size\">Apr\u00e8s notre 6<sup>\u00e8me<\/sup> \u00e9dition qui s&rsquo;est termin\u00e9e avec plus de 487 participants, les Gars\u2019Z\u2019Elles Fontenoises organisent une nouvelle fois \u201cLe Relais des Gars\u2019Z\u2019Elles\u201c sur Fontaine le Comte (86) le dimanche 12 janvier 2025.<\/p>\n\n\n\n<p><\/p>\n\n\n\n<p class=\"has-medium-font-size\">Un seul trac\u00e9 de 20 km qui peut se parcourir en solo ou en duo.<\/p>\n\n\n\n<p class=\"has-medium-font-size\">Prenez le temps de consulter les pr\u00e9c\u00e9dentes \u00e9ditions si vous ne connaissez pas notre course et ainsi vous impr\u00e9gner de la formidable ambiance qui accompagne cette matin\u00e9e festive et sportive.<\/p>\n\n\n\n<p class=\"has-medium-font-size\">N&rsquo;h\u00e9sitez pas \u00e0 vous inscrire en cliquant sur le bouton ci-dessous.<\/p>\n\n\n\n<p class=\"has-medium-font-size\">A bient\u00f4t au relais des Gars&rsquo;Z&rsquo;elles \ud83d\ude01<\/p>\n\n\n\n<p><\/p>\n\n\n\n<p class=\"has-luminous-vivid-amber-background-color has-background\" style=\"font-size:24px\">Au vu des conditions climatiques des derniers jours et afin de garantir votre s\u00e9curit\u00e9, un changement du parcours initialement pr\u00e9vu \u00e0 \u00e9t\u00e9 effectu\u00e9. Nous vous remercions pour votre compr\u00e9hensions.<\/p>\n\n\n\n<p class=\"has-luminous-vivid-amber-background-color has-background\" style=\"font-size:24px\">Fin des inscriptions en ligne samedi 11 janvier 17h00.<img loading=\"lazy\" decoding=\"async\" height=\"16\" width=\"16\" src=\"https:\/\/static.xx.fbcdn.net\/images\/emoji.php\/v9\/t51\/1\/16\/1f449.png\" alt=\"\ud83d\udc49\"> Inscriptions sur place le samedi apr\u00e8s-midi de 15h00 \u00e0 18h00 \u00e0 la mairie de Fontaine le comte et le dimanche matin de 7h30 \u00e0 9h00 dans le hall du gymnase de Fontaine le comte.<\/p>\n\n\n\n<p class=\"has-luminous-vivid-amber-background-color has-background\" style=\"font-size:18px\"><img loading=\"lazy\" decoding=\"async\" height=\"16\" width=\"16\" src=\"https:\/\/static.xx.fbcdn.net\/images\/emoji.php\/v9\/tac\/1\/16\/1f4cc.png\" alt=\"\ud83d\udccc\"> Retrait des dossards : samedi apr\u00e8s-midi de 15h00 \u00e0 18h00 \u00e0 la mairie et le dimanche matin de 7h30 \u00e0 9h00 dans le hall du gymnase.<\/p>\n\n\n\n<p><\/p>\n\n\n\n<p class=\"has-white-color has-text-color has-link-color wp-elements-5eb7bbc60917822708baf2ba4eccf905\">______________________________________________________________________________________________<\/p>\n\n\n\n<div class=\"wp-block-group\"><div class=\"wp-block-group__inner-container is-layout-flow wp-block-group-is-layout-flow\">\n<div class=\"wp-block-buttons is-horizontal is-content-justification-center is-layout-flex wp-container-core-buttons-is-layout-499968f5 wp-block-buttons-is-layout-flex\">\n<div class=\"wp-block-button has-custom-width wp-block-button__width-50 has-custom-font-size is-style-fill\" style=\"font-size:26px\"><a class=\"wp-block-button__link has-background wp-element-button\" href=\"https:\/\/www.lesgarszellesfontenoises.fr\/?p=23360\" style=\"background-color:#04aef7\" target=\"_blank\" rel=\"noreferrer noopener\">Pr\u00e9c\u00e9dentes \u00e9ditions<\/a><\/div>\n\n\n\n<div class=\"wp-block-button has-custom-width wp-block-button__width-50 has-custom-font-size is-style-fill\" style=\"font-size:26px\"><a class=\"wp-block-button__link has-vivid-red-background-color has-background wp-element-button\" href=\"https:\/\/www.lesgarszellesfontenoises.fr\/?p=23362\" target=\"_blank\" rel=\"noreferrer noopener\">Inscriptions <\/a><\/div>\n\n\n\n<div class=\"wp-block-button has-custom-width wp-block-button__width-50 has-custom-font-size is-style-fill\" style=\"font-size:26px\"><a class=\"wp-block-button__link has-luminous-vivid-amber-background-color has-background wp-element-button\" href=\"https:\/\/www.lesgarszellesfontenoises.fr\/?p=23366\" target=\"_blank\" rel=\"noreferrer noopener\">R\u00e8glement et informations pratiques<\/a><\/div>\n\n\n\n<div class=\"wp-block-button has-custom-width wp-block-button__width-50 has-custom-font-size is-style-fill\" style=\"font-size:26px\"><a class=\"wp-block-button__link has-luminous-vivid-orange-background-color has-background wp-element-button\" href=\"https:\/\/www.lesgarszellesfontenoises.fr\/?p=23364\" target=\"_blank\" rel=\"noreferrer noopener\">1\u20ac pour la maison des familles<\/a><\/div>\n\n\n\n<div class=\"wp-block-button has-custom-font-size has-large-font-size\"><a class=\"wp-block-button__link has-white-color has-vivid-green-cyan-background-color has-text-color has-background wp-element-button\" href=\"mailto:garszellesfontenoises@gmail.com\" target=\"_blank\" rel=\"noreferrer noopener\">Nous contacter<\/a><\/div>\n<\/div>\n<\/div><\/div>\n\n\n<div class=\"wp-block-image is-style-rounded\">\n<figure class=\"aligncenter size-large is-resized\"><a href=\"https:\/\/www.facebook.com\/Le-Relais-des-GarsZElles-1671061212917529\/\" target=\"_blank\" rel=\"noopener\"><img loading=\"lazy\" decoding=\"async\" width=\"1024\" height=\"385\" src=\"https:\/\/www.lesgarszellesfontenoises.fr\/wordpress\/garszellesnew\/\/wordpress\/garszellesnew\/wp-content\/uploads\/2021\/11\/Logo_Facebook-1024x385.png\" alt=\"\" class=\"wp-image-12819\" style=\"width:256px;height:96px\" srcset=\"https:\/\/www.lesgarszellesfontenoises.fr\/wp-content\/uploads\/2021\/11\/Logo_Facebook-1024x385.png 1024w, https:\/\/www.lesgarszellesfontenoises.fr\/wp-content\/uploads\/2021\/11\/Logo_Facebook-300x113.png 300w, https:\/\/www.lesgarszellesfontenoises.fr\/wp-content\/uploads\/2021\/11\/Logo_Facebook-768x289.png 768w, https:\/\/www.lesgarszellesfontenoises.fr\/wp-content\/uploads\/2021\/11\/Logo_Facebook-1536x577.png 1536w, https:\/\/www.lesgarszellesfontenoises.fr\/wp-content\/uploads\/2021\/11\/Logo_Facebook-2048x770.png 2048w, https:\/\/www.lesgarszellesfontenoises.fr\/wp-content\/uploads\/2021\/11\/Logo_Facebook-604x227.png 604w\" sizes=\"auto, (max-width: 1024px) 100vw, 1024px\" \/><\/a><\/figure>\n<\/div>\n\n\n<p class=\"has-text-align-center has-large-font-size\"><strong>NOS PARTENAIRES POUR CE RELAIS<\/strong><\/p>\n\n\n\n<figure class=\"wp-block-image size-large\"><img loading=\"lazy\" decoding=\"async\" width=\"1024\" height=\"724\" src=\"https:\/\/www.lesgarszellesfontenoises.fr\/wp-content\/uploads\/2024\/11\/Sponsors-2025-1024x724.jpg\" alt=\"\" class=\"wp-image-23397\" srcset=\"https:\/\/www.lesgarszellesfontenoises.fr\/wp-content\/uploads\/2024\/11\/Sponsors-2025-1024x724.jpg 1024w, https:\/\/www.lesgarszellesfontenoises.fr\/wp-content\/uploads\/2024\/11\/Sponsors-2025-300x212.jpg 300w, https:\/\/www.lesgarszellesfontenoises.fr\/wp-content\/uploads\/2024\/11\/Sponsors-2025-768x543.jpg 768w, https:\/\/www.lesgarszellesfontenoises.fr\/wp-content\/uploads\/2024\/11\/Sponsors-2025-1536x1086.jpg 1536w, https:\/\/www.lesgarszellesfontenoises.fr\/wp-content\/uploads\/2024\/11\/Sponsors-2025-382x270.jpg 382w, https:\/\/www.lesgarszellesfontenoises.fr\/wp-content\/uploads\/2024\/11\/Sponsors-2025.jpg 1754w\" sizes=\"auto, (max-width: 1024px) 100vw, 1024px\" \/><\/figure>\n","protected":false},"excerpt":{"rendered":"<p>Dimanche 12 janvier 2025 Apr\u00e8s notre 6\u00e8me \u00e9dition qui s&rsquo;est termin\u00e9e avec plus de 487 participants, les Gars\u2019Z\u2019Elles Fontenoises organisent une nouvelle fois \u201cLe Relais des Gars\u2019Z\u2019Elles\u201c sur Fontaine le Comte (86) le dimanche 12 janvier 2025. Un seul trac\u00e9 de 20 km qui peut se parcourir en solo ou en duo. Prenez le temps de consulter les pr\u00e9c\u00e9dentes \u00e9ditions si vous ne connaissez pas notre course et ainsi vous impr\u00e9gner de la formidable ambiance qui accompagne cette matin\u00e9e festive&#8230;<\/p>\n<p class=\"read-more\"><a class=\"btn btn-default\" href=\"https:\/\/www.lesgarszellesfontenoises.fr\/index.php\/2024\/11\/11\/le-relais-des-garszelles-2025\/\">Lire la suite<span class=\"screen-reader-text\"> Lire la suite<\/span><\/a><\/p>\n","protected":false},"author":1,"featured_media":0,"comment_status":"closed","ping_status":"open","sticky":false,"template":"","format":"standard","meta":{"_bbp_topic_count":0,"_bbp_reply_count":0,"_bbp_total_topic_count":0,"_bbp_total_reply_count":0,"_bbp_voice_count":0,"_bbp_anonymous_reply_count":0,"_bbp_topic_count_hidden":0,"_bbp_reply_count_hidden":0,"_bbp_forum_subforum_count":0,"footnotes":""},"categories":[1],"tags":[],"class_list":["post-23353","post","type-post","status-publish","format-standard","hentry","category-non-classe"],"_links":{"self":[{"href":"https:\/\/www.lesgarszellesfontenoises.fr\/index.php\/wp-json\/wp\/v2\/posts\/23353","targetHints":{"allow":["GET"]}}],"collection":[{"href":"https:\/\/www.lesgarszellesfontenoises.fr\/index.php\/wp-json\/wp\/v2\/posts"}],"about":[{"href":"https:\/\/www.lesgarszellesfontenoises.fr\/index.php\/wp-json\/wp\/v2\/types\/post"}],"author":[{"embeddable":true,"href":"https:\/\/www.lesgarszellesfontenoises.fr\/index.php\/wp-json\/wp\/v2\/users\/1"}],"replies":[{"embeddable":true,"href":"https:\/\/www.lesgarszellesfontenoises.fr\/index.php\/wp-json\/wp\/v2\/comments?post=23353"}],"version-history":[{"count":22,"href":"https:\/\/www.lesgarszellesfontenoises.fr\/index.php\/wp-json\/wp\/v2\/posts\/23353\/revisions"}],"predecessor-version":[{"id":23469,"href":"https:\/\/www.lesgarszellesfontenoises.fr\/index.php\/wp-json\/wp\/v2\/posts\/23353\/revisions\/23469"}],"wp:attachment":[{"href":"https:\/\/www.lesgarszellesfontenoises.fr\/index.php\/wp-json\/wp\/v2\/media?parent=23353"}],"wp:term":[{"taxonomy":"category","embeddable":true,"href":"https:\/\/www.lesgarszellesfontenoises.fr\/index.php\/wp-json\/wp\/v2\/categories?post=23353"},{"taxonomy":"post_tag","embeddable":true,"href":"https:\/\/www.lesgarszellesfontenoises.fr\/index.php\/wp-json\/wp\/v2\/tags?post=23353"}],"curies":[{"name":"wp","href":"https:\/\/api.w.org\/{rel}","templated":true}]}}